{"id":2571,"date":"2025-09-30T13:22:19","date_gmt":"2025-09-30T16:22:19","guid":{"rendered":"https:\/\/ttt.gm360.com.br\/?p=2571"},"modified":"2025-11-03T10:50:19","modified_gmt":"2025-11-03T13:50:19","slug":"07-2","status":"publish","type":"post","link":"https:\/\/ttt.gm360.com.br\/index.php\/2025\/09\/30\/07-2\/","title":{"rendered":"07"},"content":{"rendered":"\n<figure class=\"wp-block-gallery has-nested-images columns-1 is-cropped wp-block-gallery-1 is-layout-flex\">\n<figure class=\"wp-block-image size-large\"><img decoding=\"async\" loading=\"lazy\" width=\"1024\" height=\"1024\" data-id=\"2726\"  src=\"https:\/\/ttt.gm360.com.br\/wp-content\/uploads\/2025\/10\/arrp-037-1024x1024.jpg\" alt=\"\" class=\"wp-image-2726\" srcset=\"https:\/\/ttt.gm360.com.br\/wp-content\/uploads\/2025\/10\/arrp-037-1024x1024.jpg 1024w, https:\/\/ttt.gm360.com.br\/wp-content\/uploads\/2025\/10\/arrp-037-300x300.jpg 300w, https:\/\/ttt.gm360.com.br\/wp-content\/uploads\/2025\/10\/arrp-037-150x150.jpg 150w, https:\/\/ttt.gm360.com.br\/wp-content\/uploads\/2025\/10\/arrp-037-768x768.jpg 768w, https:\/\/ttt.gm360.com.br\/wp-content\/uploads\/2025\/10\/arrp-037.jpg 1100w\" sizes=\"(max-width: 1024px) 100vw, 1024px\" \/><figcaption class=\"wp-element-caption\"><strong>NR 0037-A<\/strong><br>Artista \/ <em>artist<\/em>:<strong> MIRLA FERNANDES<\/strong><br>T\u00edtulo \/ <em>title<\/em>: Da s\u00e9rie Eros #l<br>T\u00e9cnica \/ <em>technique<\/em>: Nanquim sobre papel Hahnem\u00fcle<br>Dimens\u00f5es \/ <em>dimensions<\/em>: 5 x 5 cm<br>Ano \/ <em>year:<\/em> 2020<br>Pa\u00eds \/ <em>country:<\/em> BRASIL<\/figcaption><\/figure>\n\n\n\n<figure class=\"wp-block-image size-large\"><img decoding=\"async\" loading=\"lazy\" width=\"1024\" height=\"1024\" data-id=\"2724\"  src=\"https:\/\/ttt.gm360.com.br\/wp-content\/uploads\/2025\/10\/arrp-038-1024x1024.jpg\" alt=\"\" class=\"wp-image-2724\" srcset=\"https:\/\/ttt.gm360.com.br\/wp-content\/uploads\/2025\/10\/arrp-038-1024x1024.jpg 1024w, https:\/\/ttt.gm360.com.br\/wp-content\/uploads\/2025\/10\/arrp-038-300x300.jpg 300w, https:\/\/ttt.gm360.com.br\/wp-content\/uploads\/2025\/10\/arrp-038-150x150.jpg 150w, https:\/\/ttt.gm360.com.br\/wp-content\/uploads\/2025\/10\/arrp-038-768x768.jpg 768w, https:\/\/ttt.gm360.com.br\/wp-content\/uploads\/2025\/10\/arrp-038.jpg 1100w\" sizes=\"(max-width: 1024px) 100vw, 1024px\" \/><figcaption class=\"wp-element-caption\"><strong>NR 0038-A<\/strong><br>Artista \/ <em>artist<\/em>:<strong> HELCIO BARROS<\/strong><br>T\u00edtulo \/ <em>title<\/em>: Oligofontes l<br>T\u00e9cnica \/ <em>technique<\/em>: Lapis de cor e nanquim<br>Dimens\u00f5es \/ <em>dimensions<\/em>: 5 x 5 cm<br>Ano \/ <em>year:<\/em> 2020<br>Pa\u00eds \/ <em>country:<\/em> BRASIL<\/figcaption><\/figure>\n\n\n\n<figure class=\"wp-block-image size-large\"><img decoding=\"async\" loading=\"lazy\" width=\"1024\" height=\"1024\" data-id=\"2718\"  src=\"https:\/\/ttt.gm360.com.br\/wp-content\/uploads\/2025\/10\/arrp-040-1024x1024.jpg\" alt=\"\" class=\"wp-image-2718\" srcset=\"https:\/\/ttt.gm360.com.br\/wp-content\/uploads\/2025\/10\/arrp-040-1024x1024.jpg 1024w, https:\/\/ttt.gm360.com.br\/wp-content\/uploads\/2025\/10\/arrp-040-300x300.jpg 300w, https:\/\/ttt.gm360.com.br\/wp-content\/uploads\/2025\/10\/arrp-040-150x150.jpg 150w, https:\/\/ttt.gm360.com.br\/wp-content\/uploads\/2025\/10\/arrp-040-768x768.jpg 768w, https:\/\/ttt.gm360.com.br\/wp-content\/uploads\/2025\/10\/arrp-040.jpg 1100w\" sizes=\"(max-width: 1024px) 100vw, 1024px\" \/><figcaption class=\"wp-element-caption\"><strong>NR 0040-A<\/strong><br>Artista \/ <em>artist<\/em>:<strong> F\u00c1BIO MAGALH\u00c3ES<\/strong><br>T\u00edtulo \/ <em>title<\/em>: Rascunho Final<br>T\u00e9cnica \/ <em>technique<\/em>: \u00d3leo sobre tela<br>Dimens\u00f5es \/ <em>dimensions:<\/em> 5 x 5 cm<br>Ano \/ <em>year:<\/em> 2020<br>Pa\u00eds \/ <em>country:<\/em> BRASIL<\/figcaption><\/figure>\n\n\n\n<figure class=\"wp-block-image size-large\"><img decoding=\"async\" loading=\"lazy\" width=\"1024\" height=\"1024\" data-id=\"2721\"  src=\"https:\/\/ttt.gm360.com.br\/wp-content\/uploads\/2025\/10\/arrp-041-1024x1024.jpg\" alt=\"\" class=\"wp-image-2721\" srcset=\"https:\/\/ttt.gm360.com.br\/wp-content\/uploads\/2025\/10\/arrp-041-1024x1024.jpg 1024w, https:\/\/ttt.gm360.com.br\/wp-content\/uploads\/2025\/10\/arrp-041-300x300.jpg 300w, https:\/\/ttt.gm360.com.br\/wp-content\/uploads\/2025\/10\/arrp-041-150x150.jpg 150w, https:\/\/ttt.gm360.com.br\/wp-content\/uploads\/2025\/10\/arrp-041-768x768.jpg 768w, https:\/\/ttt.gm360.com.br\/wp-content\/uploads\/2025\/10\/arrp-041.jpg 1100w\" sizes=\"(max-width: 1024px) 100vw, 1024px\" \/><figcaption class=\"wp-element-caption\"><strong>NR 0041-A<\/strong><br>Artista \/ <em>artist<\/em>:<strong> ALICE RICCI<\/strong><br>T\u00edtulo \/ <em>title<\/em>: Ningu\u00e9m v\u00ea as coisas como s\u00e3o na realidade<br>T\u00e9cnica \/ <em>technique<\/em>: desenho a caneta e guache sobre papel (recorte de revista de jogo de palavras cruzadas)<br>Dimens\u00f5es \/ <em>dimensions:<\/em> 4,5 x 4,5 x 1 cm<br>Ano \/ <em>year:<\/em> 2020<br>Pa\u00eds \/ <em>country:<\/em> BRASIL<\/figcaption><\/figure>\n\n\n\n<figure class=\"wp-block-image size-large\"><img decoding=\"async\" loading=\"lazy\" width=\"1024\" height=\"1024\" data-id=\"2720\"  src=\"https:\/\/ttt.gm360.com.br\/wp-content\/uploads\/2025\/10\/arrp-043-1024x1024.jpg\" alt=\"\" class=\"wp-image-2720\" srcset=\"https:\/\/ttt.gm360.com.br\/wp-content\/uploads\/2025\/10\/arrp-043-1024x1024.jpg 1024w, https:\/\/ttt.gm360.com.br\/wp-content\/uploads\/2025\/10\/arrp-043-300x300.jpg 300w, https:\/\/ttt.gm360.com.br\/wp-content\/uploads\/2025\/10\/arrp-043-150x150.jpg 150w, https:\/\/ttt.gm360.com.br\/wp-content\/uploads\/2025\/10\/arrp-043-768x768.jpg 768w, https:\/\/ttt.gm360.com.br\/wp-content\/uploads\/2025\/10\/arrp-043.jpg 1100w\" sizes=\"(max-width: 1024px) 100vw, 1024px\" \/><figcaption class=\"wp-element-caption\"><strong>NR 0043-A<\/strong><br>Artista \/ <em>artist<\/em>:<strong> JULIA GONZALES<\/strong><br>T\u00edtulo \/ <em>title<\/em>: S\u00e9rie &#8220;Fim entra, enfim sai&#8221; l<br>T\u00e9cnica \/ <em>technique<\/em>: Bordado e aquarela<br>Dimens\u00f5es \/ <em>dimensions:<\/em> 5 x 5 cm<br>Ano \/ <em>year:<\/em> 2020<br>Pa\u00eds \/ <em>country:<\/em> BRASIL<\/figcaption><\/figure>\n\n\n\n<figure class=\"wp-block-image size-large\"><img decoding=\"async\" loading=\"lazy\" width=\"1024\" height=\"1024\" data-id=\"2725\"  src=\"https:\/\/ttt.gm360.com.br\/wp-content\/uploads\/2025\/10\/arrp-044-1024x1024.jpg\" alt=\"\" class=\"wp-image-2725\" srcset=\"https:\/\/ttt.gm360.com.br\/wp-content\/uploads\/2025\/10\/arrp-044-1024x1024.jpg 1024w, https:\/\/ttt.gm360.com.br\/wp-content\/uploads\/2025\/10\/arrp-044-300x300.jpg 300w, https:\/\/ttt.gm360.com.br\/wp-content\/uploads\/2025\/10\/arrp-044-150x150.jpg 150w, https:\/\/ttt.gm360.com.br\/wp-content\/uploads\/2025\/10\/arrp-044-768x768.jpg 768w, https:\/\/ttt.gm360.com.br\/wp-content\/uploads\/2025\/10\/arrp-044.jpg 1100w\" sizes=\"(max-width: 1024px) 100vw, 1024px\" \/><figcaption class=\"wp-element-caption\"><strong>NR 0044-A<\/strong><br>Artista \/ <em>artist<\/em>:<strong> ERIEL ARA\u00daJO<\/strong><br>T\u00edtulo \/ <em>title<\/em>: Micro Rebeli\u00f5es l<br>T\u00e9cnica \/ <em>technique<\/em>: Fotografia em \u00f3xidos minerais e p\u00f3 de esmeralda, reveladas em placa de fibrocimento, encapsuladas com resina \u00f3tica.<br>Dimens\u00f5es \/ <em>dimensions:<\/em> 5 x 5 x 1 cm<br>Ano \/ <em>year:<\/em> 2020<br>Pa\u00eds \/ <em>country:<\/em> BRASIL<\/figcaption><\/figure>\n\n\n\n<figure class=\"wp-block-image size-large\"><img decoding=\"async\" loading=\"lazy\" width=\"1024\" height=\"1024\" data-id=\"2719\"  src=\"https:\/\/ttt.gm360.com.br\/wp-content\/uploads\/2025\/10\/arrp-052-1024x1024.jpg\" alt=\"\" class=\"wp-image-2719\" srcset=\"https:\/\/ttt.gm360.com.br\/wp-content\/uploads\/2025\/10\/arrp-052-1024x1024.jpg 1024w, https:\/\/ttt.gm360.com.br\/wp-content\/uploads\/2025\/10\/arrp-052-300x300.jpg 300w, https:\/\/ttt.gm360.com.br\/wp-content\/uploads\/2025\/10\/arrp-052-150x150.jpg 150w, https:\/\/ttt.gm360.com.br\/wp-content\/uploads\/2025\/10\/arrp-052-768x768.jpg 768w, https:\/\/ttt.gm360.com.br\/wp-content\/uploads\/2025\/10\/arrp-052.jpg 1100w\" sizes=\"(max-width: 1024px) 100vw, 1024px\" \/><figcaption class=\"wp-element-caption\"><strong>NR 0052-A<\/strong><br>Artista \/ <em>artist<\/em>:<strong> DAVID MAGILA<\/strong><br>T\u00edtulo \/ <em>title<\/em>: Pedra de 5 cent\u00edmetros 1<br>\u00e9cnica \/ <em>technique<\/em>: Acr\u00edlica sobre papel<br>Dimens\u00f5es \/ <em>dimensions:<\/em> 5 x 5 cm<br>Ano \/ <em>year:<\/em> 2020<br>Pa\u00eds \/ <em>country:<\/em> BRASIL<\/figcaption><\/figure>\n\n\n\n<figure class=\"wp-block-image size-large\"><img decoding=\"async\" loading=\"lazy\" width=\"1024\" height=\"1024\" data-id=\"2734\"  src=\"https:\/\/ttt.gm360.com.br\/wp-content\/uploads\/2025\/10\/arrp-053-1024x1024.jpg\" alt=\"\" class=\"wp-image-2734\" srcset=\"https:\/\/ttt.gm360.com.br\/wp-content\/uploads\/2025\/10\/arrp-053-1024x1024.jpg 1024w, https:\/\/ttt.gm360.com.br\/wp-content\/uploads\/2025\/10\/arrp-053-300x300.jpg 300w, https:\/\/ttt.gm360.com.br\/wp-content\/uploads\/2025\/10\/arrp-053-150x150.jpg 150w, https:\/\/ttt.gm360.com.br\/wp-content\/uploads\/2025\/10\/arrp-053-768x768.jpg 768w, https:\/\/ttt.gm360.com.br\/wp-content\/uploads\/2025\/10\/arrp-053.jpg 1100w\" sizes=\"(max-width: 1024px) 100vw, 1024px\" \/><figcaption class=\"wp-element-caption\"><strong>NR 0053-A<\/strong><br>Artista \/ <em>artist<\/em>:<strong> ADRIANO FRANCHINI<\/strong><br>T\u00edtulo \/ <em>title<\/em>: Nas\u00e7o todo dia (1) S\u00e9rie: &#8220;Cama de solteiro, len\u00e7o e travesseiro&#8221;<br>T\u00e9cnica \/ <em>technique<\/em>: Aquarela sobre papel<br>Dimens\u00f5es \/ <em>dimensions:<\/em> 5 x 5 cm<br>Ano \/ <em>year:<\/em> 2020<br>Pa\u00eds \/ <em>country:<\/em> BRASIL<\/figcaption><\/figure>\n\n\n\n<figure class=\"wp-block-image size-large\"><img decoding=\"async\" loading=\"lazy\" width=\"1024\" height=\"1024\" data-id=\"2729\"  src=\"https:\/\/ttt.gm360.com.br\/wp-content\/uploads\/2025\/10\/arrp-058-1024x1024.jpg\" alt=\"\" class=\"wp-image-2729\" srcset=\"https:\/\/ttt.gm360.com.br\/wp-content\/uploads\/2025\/10\/arrp-058-1024x1024.jpg 1024w, https:\/\/ttt.gm360.com.br\/wp-content\/uploads\/2025\/10\/arrp-058-300x300.jpg 300w, https:\/\/ttt.gm360.com.br\/wp-content\/uploads\/2025\/10\/arrp-058-150x150.jpg 150w, https:\/\/ttt.gm360.com.br\/wp-content\/uploads\/2025\/10\/arrp-058-768x768.jpg 768w, https:\/\/ttt.gm360.com.br\/wp-content\/uploads\/2025\/10\/arrp-058.jpg 1100w\" sizes=\"(max-width: 1024px) 100vw, 1024px\" \/><figcaption class=\"wp-element-caption\"><strong>NR 0058-A<\/strong><br>Artista \/ <em>artist<\/em>:<strong> BETTINA VAZ GUIMAR\u00c3ES<\/strong><br>T\u00edtulo \/ <em>title<\/em>: Processo de abra\u00e7ar cores<br>T\u00e9cnica \/ <em>technique<\/em>: Tinta acr\u00edlica sobre papel<br>Dimens\u00f5es \/ <em>dimensions:<\/em> 4,6 x 4,6 x 5 cm<br>Ano \/ <em>year:<\/em> 2020<br>Pa\u00eds \/ <em>country:<\/em> BRASIL<\/figcaption><\/figure>\n\n\n\n<figure class=\"wp-block-image size-large\"><img decoding=\"async\" loading=\"lazy\" width=\"1024\" height=\"1024\" data-id=\"2728\"  src=\"https:\/\/ttt.gm360.com.br\/wp-content\/uploads\/2025\/10\/arrp-060-1024x1024.jpg\" alt=\"\" class=\"wp-image-2728\" srcset=\"https:\/\/ttt.gm360.com.br\/wp-content\/uploads\/2025\/10\/arrp-060-1024x1024.jpg 1024w, https:\/\/ttt.gm360.com.br\/wp-content\/uploads\/2025\/10\/arrp-060-300x300.jpg 300w, https:\/\/ttt.gm360.com.br\/wp-content\/uploads\/2025\/10\/arrp-060-150x150.jpg 150w, https:\/\/ttt.gm360.com.br\/wp-content\/uploads\/2025\/10\/arrp-060-768x768.jpg 768w, https:\/\/ttt.gm360.com.br\/wp-content\/uploads\/2025\/10\/arrp-060.jpg 1100w\" sizes=\"(max-width: 1024px) 100vw, 1024px\" \/><figcaption class=\"wp-element-caption\"><strong>NR 0060-A<\/strong><br>Artista \/ <em>artist<\/em>:<strong> LILIANA ALVES<\/strong><br>T\u00edtulo \/ <em>title<\/em>: A biquinha<br>T\u00e9cnica \/ <em>technique<\/em>: \u00d3leo sobre madeira<br>Dimens\u00f5es \/ <em>dimensions:<\/em> 4,8 x 3 cm<br>Ano \/ <em>year:<\/em> 2020<br>Pa\u00eds \/ <em>country:<\/em> BRASIL<\/figcaption><\/figure>\n\n\n\n<figure class=\"wp-block-image size-large\"><img decoding=\"async\" loading=\"lazy\" width=\"1024\" height=\"1024\" data-id=\"2736\"  src=\"https:\/\/ttt.gm360.com.br\/wp-content\/uploads\/2025\/10\/arrp-061-1024x1024.jpg\" alt=\"\" class=\"wp-image-2736\" srcset=\"https:\/\/ttt.gm360.com.br\/wp-content\/uploads\/2025\/10\/arrp-061-1024x1024.jpg 1024w, https:\/\/ttt.gm360.com.br\/wp-content\/uploads\/2025\/10\/arrp-061-300x300.jpg 300w, https:\/\/ttt.gm360.com.br\/wp-content\/uploads\/2025\/10\/arrp-061-150x150.jpg 150w, https:\/\/ttt.gm360.com.br\/wp-content\/uploads\/2025\/10\/arrp-061-768x768.jpg 768w, https:\/\/ttt.gm360.com.br\/wp-content\/uploads\/2025\/10\/arrp-061.jpg 1100w\" sizes=\"(max-width: 1024px) 100vw, 1024px\" \/><figcaption class=\"wp-element-caption\"><strong>NR 0061-A<\/strong><br>Artista \/ <em>artist<\/em>:<strong> JUNIOR AHZURA<\/strong><br>T\u00edtulo \/ <em>title<\/em>: Danilo &#8211; da s\u00e9rie: Retalhos de algu\u00e9m l<br>T\u00e9cnica \/ <em>technique<\/em>: Colagem<br>Dimens\u00f5es \/ <em>dimensions:<\/em> 5 x 5 cm<br>Ano \/ <em>year:<\/em> 2020<br>Pa\u00eds \/ <em>country:<\/em> BRASIL<\/figcaption><\/figure>\n\n\n\n<figure class=\"wp-block-image size-large\"><img decoding=\"async\" loading=\"lazy\" width=\"1024\" height=\"1024\" data-id=\"2741\"  src=\"https:\/\/ttt.gm360.com.br\/wp-content\/uploads\/2025\/10\/arrp-062-1024x1024.jpg\" alt=\"\" class=\"wp-image-2741\" srcset=\"https:\/\/ttt.gm360.com.br\/wp-content\/uploads\/2025\/10\/arrp-062-1024x1024.jpg 1024w, https:\/\/ttt.gm360.com.br\/wp-content\/uploads\/2025\/10\/arrp-062-300x300.jpg 300w, https:\/\/ttt.gm360.com.br\/wp-content\/uploads\/2025\/10\/arrp-062-150x150.jpg 150w, https:\/\/ttt.gm360.com.br\/wp-content\/uploads\/2025\/10\/arrp-062-768x768.jpg 768w, https:\/\/ttt.gm360.com.br\/wp-content\/uploads\/2025\/10\/arrp-062.jpg 1100w\" sizes=\"(max-width: 1024px) 100vw, 1024px\" \/><figcaption class=\"wp-element-caption\"><strong>NR 0062-A<\/strong><br>Artista \/ <em>artist<\/em>:<strong> BET\u00c2NIA SENSINI<\/strong><br>T\u00edtulo \/ <em>title<\/em>: Mar l<br>T\u00e9cnica \/ <em>technique<\/em>: Aquarela sobre papel<br>Dimens\u00f5es \/ <em>dimensions:<\/em> 5 x 5 cm<br>Ano \/ <em>year:<\/em> 2020<br>Pa\u00eds \/ <em>country:<\/em> BRASIL<\/figcaption><\/figure>\n\n\n\n<figure class=\"wp-block-image size-large\"><img decoding=\"async\" loading=\"lazy\" width=\"1024\" height=\"1024\" data-id=\"2722\"  src=\"https:\/\/ttt.gm360.com.br\/wp-content\/uploads\/2025\/10\/arrp-072-1024x1024.jpg\" alt=\"\" class=\"wp-image-2722\" srcset=\"https:\/\/ttt.gm360.com.br\/wp-content\/uploads\/2025\/10\/arrp-072-1024x1024.jpg 1024w, https:\/\/ttt.gm360.com.br\/wp-content\/uploads\/2025\/10\/arrp-072-300x300.jpg 300w, https:\/\/ttt.gm360.com.br\/wp-content\/uploads\/2025\/10\/arrp-072-150x150.jpg 150w, https:\/\/ttt.gm360.com.br\/wp-content\/uploads\/2025\/10\/arrp-072-768x768.jpg 768w, https:\/\/ttt.gm360.com.br\/wp-content\/uploads\/2025\/10\/arrp-072.jpg 1100w\" sizes=\"(max-width: 1024px) 100vw, 1024px\" \/><figcaption class=\"wp-element-caption\"><strong>NR 0072-A<\/strong><br>Artista \/ <em>artist<\/em>:<strong> FERNANDO SOARES<\/strong><br>T\u00edtulo \/ <em>title<\/em>: Onda<br>T\u00e9cnica \/ <em>technique<\/em>: L\u00e1tex sobre tapete de l\u00e1tex<br>Dimens\u00f5es \/ <em>dimensions:<\/em> 5 x 5 x 2 cm<br>Ano \/ <em>year:<\/em> 2020<br>Pa\u00eds \/ <em>country:<\/em> BRASIL<\/figcaption><\/figure>\n\n\n\n<figure class=\"wp-block-image size-large\"><img decoding=\"async\" loading=\"lazy\" width=\"1024\" height=\"1024\" data-id=\"2731\"  src=\"https:\/\/ttt.gm360.com.br\/wp-content\/uploads\/2025\/10\/arrp-073-1024x1024.jpg\" alt=\"\" class=\"wp-image-2731\" srcset=\"https:\/\/ttt.gm360.com.br\/wp-content\/uploads\/2025\/10\/arrp-073-1024x1024.jpg 1024w, https:\/\/ttt.gm360.com.br\/wp-content\/uploads\/2025\/10\/arrp-073-300x300.jpg 300w, https:\/\/ttt.gm360.com.br\/wp-content\/uploads\/2025\/10\/arrp-073-150x150.jpg 150w, https:\/\/ttt.gm360.com.br\/wp-content\/uploads\/2025\/10\/arrp-073-768x768.jpg 768w, https:\/\/ttt.gm360.com.br\/wp-content\/uploads\/2025\/10\/arrp-073.jpg 1100w\" sizes=\"(max-width: 1024px) 100vw, 1024px\" \/><figcaption class=\"wp-element-caption\"><strong>NR 0073-A<\/strong><br>Artista \/ <em>artist<\/em>:<strong> ERICA KAMINISHI<\/strong><br>T\u00edtulo \/ <em>title<\/em>: Ilhas Afortunadas #l<br>T\u00e9cnica \/ <em>technique<\/em>: Papel, caneta permanente dourada e prata, mapa japon\u00eas e placa de petri<br>Dimens\u00f5es \/ <em>dimensions:<\/em> 5 x 5 x 1,5 cm<br>Ano \/ <em>year:<\/em> 2020<br>Pa\u00eds \/ <em>country:<\/em> BRASIL<\/figcaption><\/figure>\n\n\n\n<figure class=\"wp-block-image size-large\"><img decoding=\"async\" loading=\"lazy\" width=\"1024\" height=\"1024\" data-id=\"2740\"  src=\"https:\/\/ttt.gm360.com.br\/wp-content\/uploads\/2025\/10\/arrp-075-1024x1024.jpg\" alt=\"\" class=\"wp-image-2740\" srcset=\"https:\/\/ttt.gm360.com.br\/wp-content\/uploads\/2025\/10\/arrp-075-1024x1024.jpg 1024w, https:\/\/ttt.gm360.com.br\/wp-content\/uploads\/2025\/10\/arrp-075-300x300.jpg 300w, https:\/\/ttt.gm360.com.br\/wp-content\/uploads\/2025\/10\/arrp-075-150x150.jpg 150w, https:\/\/ttt.gm360.com.br\/wp-content\/uploads\/2025\/10\/arrp-075-768x768.jpg 768w, https:\/\/ttt.gm360.com.br\/wp-content\/uploads\/2025\/10\/arrp-075.jpg 1100w\" sizes=\"(max-width: 1024px) 100vw, 1024px\" \/><figcaption class=\"wp-element-caption\"><strong>NR 0075-A<\/strong><br>Artista \/ <em>artist<\/em>:<strong> HUGO DE LEONI<\/strong><br>T\u00edtulo \/ <em>title<\/em>: TIBUMzinho<br>T\u00e9cnica \/ <em>technique<\/em>: Madeira e palha<br>Dimens\u00f5es \/ <em>dimensions:<\/em> 5 x 5 x 5 cm<br>Ano \/ <em>year:<\/em> 2020<br>Pa\u00eds \/ <em>country:<\/em> BRASIL<\/figcaption><\/figure>\n\n\n\n<figure class=\"wp-block-image size-large\"><img decoding=\"async\" loading=\"lazy\" width=\"1024\" height=\"1024\" data-id=\"2723\"  src=\"https:\/\/ttt.gm360.com.br\/wp-content\/uploads\/2025\/10\/arrp-076-1024x1024.jpg\" alt=\"\" class=\"wp-image-2723\" srcset=\"https:\/\/ttt.gm360.com.br\/wp-content\/uploads\/2025\/10\/arrp-076-1024x1024.jpg 1024w, https:\/\/ttt.gm360.com.br\/wp-content\/uploads\/2025\/10\/arrp-076-300x300.jpg 300w, https:\/\/ttt.gm360.com.br\/wp-content\/uploads\/2025\/10\/arrp-076-150x150.jpg 150w, https:\/\/ttt.gm360.com.br\/wp-content\/uploads\/2025\/10\/arrp-076-768x768.jpg 768w, https:\/\/ttt.gm360.com.br\/wp-content\/uploads\/2025\/10\/arrp-076.jpg 1100w\" sizes=\"(max-width: 1024px) 100vw, 1024px\" \/><figcaption class=\"wp-element-caption\"><strong>NR 0076-A<\/strong><br>Artista \/ <em>artist<\/em>:<strong> ANDR\u00c9 FILUR<\/strong><br>T\u00edtulo \/ <em>title<\/em>: Dedo cruzado<br>T\u00e9cnica \/ <em>technique<\/em>: Cer\u00e2mica fria, tinta acr\u00edlica e resina<br>Dimens\u00f5es \/ <em>dimensions:<\/em> 5 x 5 x 4 cm<br>Ano \/ <em>year:<\/em> 2020<br>Pa\u00eds \/ <em>country:<\/em> BRASIL<\/figcaption><\/figure>\n\n\n\n<figure class=\"wp-block-image size-large\"><img decoding=\"async\" loading=\"lazy\" width=\"1024\" height=\"1024\" data-id=\"2737\"  src=\"https:\/\/ttt.gm360.com.br\/wp-content\/uploads\/2025\/10\/arrp-079-1024x1024.jpg\" alt=\"\" class=\"wp-image-2737\" srcset=\"https:\/\/ttt.gm360.com.br\/wp-content\/uploads\/2025\/10\/arrp-079-1024x1024.jpg 1024w, https:\/\/ttt.gm360.com.br\/wp-content\/uploads\/2025\/10\/arrp-079-300x300.jpg 300w, https:\/\/ttt.gm360.com.br\/wp-content\/uploads\/2025\/10\/arrp-079-150x150.jpg 150w, https:\/\/ttt.gm360.com.br\/wp-content\/uploads\/2025\/10\/arrp-079-768x768.jpg 768w, https:\/\/ttt.gm360.com.br\/wp-content\/uploads\/2025\/10\/arrp-079.jpg 1100w\" sizes=\"(max-width: 1024px) 100vw, 1024px\" \/><figcaption class=\"wp-element-caption\"><strong>NR 0079-A<\/strong><br>Artista \/ <em>artist<\/em>:<strong> DEE LAZZERINI<\/strong><br>T\u00edtulo \/ <em>title<\/em>: Pedras Filosofais<br>T\u00e9cnica \/ <em>technique<\/em>: Poliuretano, acr\u00edlica e alfinetes<br>Dimens\u00f5es \/ <em>dimensions:<\/em> 5 x 5 x 5 cm<br>Ano \/ <em>year:<\/em> 2021<br>Pa\u00eds \/ <em>country:<\/em> BRASIL<\/figcaption><\/figure>\n\n\n\n<figure class=\"wp-block-image size-large\"><img decoding=\"async\" loading=\"lazy\" width=\"1024\" height=\"1024\" data-id=\"2738\"  src=\"https:\/\/ttt.gm360.com.br\/wp-content\/uploads\/2025\/10\/arrp-081-1024x1024.jpg\" alt=\"\" class=\"wp-image-2738\" srcset=\"https:\/\/ttt.gm360.com.br\/wp-content\/uploads\/2025\/10\/arrp-081-1024x1024.jpg 1024w, https:\/\/ttt.gm360.com.br\/wp-content\/uploads\/2025\/10\/arrp-081-300x300.jpg 300w, https:\/\/ttt.gm360.com.br\/wp-content\/uploads\/2025\/10\/arrp-081-150x150.jpg 150w, https:\/\/ttt.gm360.com.br\/wp-content\/uploads\/2025\/10\/arrp-081-768x768.jpg 768w, https:\/\/ttt.gm360.com.br\/wp-content\/uploads\/2025\/10\/arrp-081.jpg 1100w\" sizes=\"(max-width: 1024px) 100vw, 1024px\" \/><figcaption class=\"wp-element-caption\"><strong>NR 0081-A<\/strong><br>Artista \/ <em>artist<\/em>:<strong> ANA DIAS BATISTA<\/strong><br>T\u00edtulo \/ <em>title<\/em>: Escal\u00edmetro<br>T\u00e9cnica \/ <em>technique<\/em>: A\u00e7o inox usinado e grava\u00e7\u00e3o a laser<br>Dimens\u00f5es \/ <em>dimensions:<\/em> 5 x 0,5 x 0,5 cm<br>Ano \/ <em>year:<\/em> 2013<br>Pa\u00eds \/ <em>country:<\/em> BRASIL<\/figcaption><\/figure>\n\n\n\n<figure class=\"wp-block-image size-large\"><img decoding=\"async\" loading=\"lazy\" width=\"1024\" height=\"1024\" data-id=\"2732\"  src=\"https:\/\/ttt.gm360.com.br\/wp-content\/uploads\/2025\/10\/arrp-097-1024x1024.jpg\" alt=\"\" class=\"wp-image-2732\" srcset=\"https:\/\/ttt.gm360.com.br\/wp-content\/uploads\/2025\/10\/arrp-097-1024x1024.jpg 1024w, https:\/\/ttt.gm360.com.br\/wp-content\/uploads\/2025\/10\/arrp-097-300x300.jpg 300w, https:\/\/ttt.gm360.com.br\/wp-content\/uploads\/2025\/10\/arrp-097-150x150.jpg 150w, https:\/\/ttt.gm360.com.br\/wp-content\/uploads\/2025\/10\/arrp-097-768x768.jpg 768w, https:\/\/ttt.gm360.com.br\/wp-content\/uploads\/2025\/10\/arrp-097.jpg 1100w\" sizes=\"(max-width: 1024px) 100vw, 1024px\" \/><figcaption class=\"wp-element-caption\"><strong>NR 0097-A<\/strong><br>Artista \/ <em>artist<\/em>:<strong> M\u00c1RIO VASCONCELOS<\/strong><br>T\u00edtulo \/ <em>title<\/em>: EX &#8211; cravo #l<br>T\u00e9cnica \/ <em>technique<\/em>: Gravurocer\u00e2mica &#8211; Gravura em metal sobre cer\u00e2mica, \u00f3xido de ferro e cravo so s\u00e9culo XVlll<br>Dimens\u00f5es \/ <em>dimensions:<\/em> 5 x 5 x 5 cm<br>Ano \/ <em>year:<\/em> 2020<br>Pa\u00eds \/ <em>country:<\/em> BRASIL<\/figcaption><\/figure>\n\n\n\n<figure class=\"wp-block-image size-large\"><img decoding=\"async\" loading=\"lazy\" width=\"1024\" height=\"1024\" data-id=\"2739\"  src=\"https:\/\/ttt.gm360.com.br\/wp-content\/uploads\/2025\/10\/arrp-098-1024x1024.jpg\" alt=\"\" class=\"wp-image-2739\" srcset=\"https:\/\/ttt.gm360.com.br\/wp-content\/uploads\/2025\/10\/arrp-098-1024x1024.jpg 1024w, https:\/\/ttt.gm360.com.br\/wp-content\/uploads\/2025\/10\/arrp-098-300x300.jpg 300w, https:\/\/ttt.gm360.com.br\/wp-content\/uploads\/2025\/10\/arrp-098-150x150.jpg 150w, https:\/\/ttt.gm360.com.br\/wp-content\/uploads\/2025\/10\/arrp-098-768x768.jpg 768w, https:\/\/ttt.gm360.com.br\/wp-content\/uploads\/2025\/10\/arrp-098.jpg 1100w\" sizes=\"(max-width: 1024px) 100vw, 1024px\" \/><figcaption class=\"wp-element-caption\"><strong>NR 0098-A<\/strong><br>Artista \/ <em>artist<\/em>:<strong> HUGO FORTES<\/strong><br>T\u00edtulo \/ <em>title<\/em>: Apenas #l<br>T\u00e9cnica \/ <em>technique<\/em>: Desenho e recorte sobre folha de chumbo<br>Dimens\u00f5es \/ <em>dimensions:<\/em> 5 x 2 x 0,2 cm<br>Ano \/ <em>year:<\/em> 2016<br>Pa\u00eds \/ <em>country:<\/em> BRASIL<\/figcaption><\/figure>\n\n\n\n<figure class=\"wp-block-image size-large\"><img decoding=\"async\" loading=\"lazy\" width=\"1024\" height=\"1024\" data-id=\"2733\"  src=\"https:\/\/ttt.gm360.com.br\/wp-content\/uploads\/2025\/10\/arrp-110-1024x1024.jpg\" alt=\"\" class=\"wp-image-2733\" srcset=\"https:\/\/ttt.gm360.com.br\/wp-content\/uploads\/2025\/10\/arrp-110-1024x1024.jpg 1024w, https:\/\/ttt.gm360.com.br\/wp-content\/uploads\/2025\/10\/arrp-110-300x300.jpg 300w, https:\/\/ttt.gm360.com.br\/wp-content\/uploads\/2025\/10\/arrp-110-150x150.jpg 150w, https:\/\/ttt.gm360.com.br\/wp-content\/uploads\/2025\/10\/arrp-110-768x768.jpg 768w, https:\/\/ttt.gm360.com.br\/wp-content\/uploads\/2025\/10\/arrp-110.jpg 1100w\" sizes=\"(max-width: 1024px) 100vw, 1024px\" \/><figcaption class=\"wp-element-caption\"><strong>NR 0110-A<\/strong><br>Artista \/ <em>artist<\/em>:<strong> GUILHERME MOREIRA<\/strong><br>T\u00edtulo \/ <em>title: <\/em>\u00a0Quebra-mar<br>T\u00e9cnica \/ <em>technique<\/em>: Escultura em papel<br>Dimens\u00f5es \/ <em>dimensions:<\/em> 5 x 5 x 5 cm<br>Ano \/ <em>year:<\/em> 2020<br>Pa\u00eds \/ <em>country:<\/em> BRASIL<\/figcaption><\/figure>\n\n\n\n<figure class=\"wp-block-image size-large\"><img decoding=\"async\" loading=\"lazy\" width=\"1024\" height=\"1024\" data-id=\"2742\"  src=\"https:\/\/ttt.gm360.com.br\/wp-content\/uploads\/2025\/10\/arrp-111-1024x1024.jpg\" alt=\"\" class=\"wp-image-2742\" srcset=\"https:\/\/ttt.gm360.com.br\/wp-content\/uploads\/2025\/10\/arrp-111-1024x1024.jpg 1024w, https:\/\/ttt.gm360.com.br\/wp-content\/uploads\/2025\/10\/arrp-111-300x300.jpg 300w, https:\/\/ttt.gm360.com.br\/wp-content\/uploads\/2025\/10\/arrp-111-150x150.jpg 150w, https:\/\/ttt.gm360.com.br\/wp-content\/uploads\/2025\/10\/arrp-111-768x768.jpg 768w, https:\/\/ttt.gm360.com.br\/wp-content\/uploads\/2025\/10\/arrp-111.jpg 1100w\" sizes=\"(max-width: 1024px) 100vw, 1024px\" \/><figcaption class=\"wp-element-caption\"><strong>NR 0111-A<\/strong><br>Artista \/ <em>artist<\/em>:<strong> THAIS BELTRAME<\/strong><br>T\u00edtulo \/ <em>title: <\/em>\u00a0s\u00e9rie: Formas de voltar (livro objeto)<br>T\u00e9cnica \/ <em>technique<\/em>: Nanquim e aquarela sobre papel<br>Dmens\u00f5es \/ <em>dimensions<\/em> 4,5 x 5 x 4,5 cm<\/figcaption><\/figure>\n\n\n\n<figure class=\"wp-block-image size-large\"><img decoding=\"async\" loading=\"lazy\" width=\"1024\" height=\"1024\" data-id=\"2727\"  src=\"https:\/\/ttt.gm360.com.br\/wp-content\/uploads\/2025\/10\/arrp-112-1024x1024.jpg\" alt=\"\" class=\"wp-image-2727\" srcset=\"https:\/\/ttt.gm360.com.br\/wp-content\/uploads\/2025\/10\/arrp-112-1024x1024.jpg 1024w, https:\/\/ttt.gm360.com.br\/wp-content\/uploads\/2025\/10\/arrp-112-300x300.jpg 300w, https:\/\/ttt.gm360.com.br\/wp-content\/uploads\/2025\/10\/arrp-112-150x150.jpg 150w, https:\/\/ttt.gm360.com.br\/wp-content\/uploads\/2025\/10\/arrp-112-768x768.jpg 768w, https:\/\/ttt.gm360.com.br\/wp-content\/uploads\/2025\/10\/arrp-112.jpg 1100w\" sizes=\"(max-width: 1024px) 100vw, 1024px\" \/><figcaption class=\"wp-element-caption\"><strong>NR 0112-A<\/strong><br>Artista \/ <em>artist<\/em>:<strong> MARCELO MOSCHETA<\/strong><br>T\u00edtulo \/ <em>title: <\/em>\u00a0Superf\u00edcie<br>T\u00e9cnica \/ <em>technique<\/em>: Impress\u00e3o pigmentada sobre papel algod\u00e3o, l\u00e1pis de cor, adesivo pl\u00e1stico e alfinete de mapa sobre PVC expandido<br>Dimens\u00f5es \/ <em>dimensions:<\/em> 5 x 5 x 2 cm<br>Ano \/ <em>year:<\/em> 2020<br>Pa\u00eds \/ <em>country:<\/em> BRASIL<\/figcaption><\/figure>\n\n\n\n<figure class=\"wp-block-image size-large\"><img decoding=\"async\" loading=\"lazy\" width=\"1024\" height=\"1024\" data-id=\"2730\"  src=\"https:\/\/ttt.gm360.com.br\/wp-content\/uploads\/2025\/10\/arrp-114-1024x1024.jpg\" alt=\"\" class=\"wp-image-2730\" srcset=\"https:\/\/ttt.gm360.com.br\/wp-content\/uploads\/2025\/10\/arrp-114-1024x1024.jpg 1024w, https:\/\/ttt.gm360.com.br\/wp-content\/uploads\/2025\/10\/arrp-114-300x300.jpg 300w, https:\/\/ttt.gm360.com.br\/wp-content\/uploads\/2025\/10\/arrp-114-150x150.jpg 150w, https:\/\/ttt.gm360.com.br\/wp-content\/uploads\/2025\/10\/arrp-114-768x768.jpg 768w, https:\/\/ttt.gm360.com.br\/wp-content\/uploads\/2025\/10\/arrp-114.jpg 1100w\" sizes=\"(max-width: 1024px) 100vw, 1024px\" \/><figcaption class=\"wp-element-caption\"><strong>NR 0114-A<\/strong><br>Artista \/ <em>artist<\/em>:<strong> NILSON SATO<\/strong><br>T\u00edtulo \/ <em>title: <\/em>\u00a0Fragmentos de meu c\u00e9u #01<br>T\u00e9cnica \/ <em>technique<\/em>: Azulejo e foam borad<br>imens\u00f5es \/ <em>dimensions<\/em> 5 x 5 x 2,5 cm<br>Ano \/ <em>year:<\/em> 2020<br>Pa\u00eds \/ <em>country:<\/em> BRASIL<\/figcaption><\/figure>\n<\/figure>\n","protected":false},"excerpt":{"rendered":"","protected":false},"author":1,"featured_media":0,"comment_status":"open","ping_status":"open","sticky":false,"template":"elementor_canvas","format":"standard","meta":[],"categories":[1],"tags":[],"_links":{"self":[{"href":"https:\/\/ttt.gm360.com.br\/index.php\/wp-json\/wp\/v2\/posts\/2571"}],"collection":[{"href":"https:\/\/ttt.gm360.com.br\/index.php\/wp-json\/wp\/v2\/posts"}],"about":[{"href":"https:\/\/ttt.gm360.com.br\/index.php\/wp-json\/wp\/v2\/types\/post"}],"author":[{"embeddable":true,"href":"https:\/\/ttt.gm360.com.br\/index.php\/wp-json\/wp\/v2\/users\/1"}],"replies":[{"embeddable":true,"href":"https:\/\/ttt.gm360.com.br\/index.php\/wp-json\/wp\/v2\/comments?post=2571"}],"version-history":[{"count":5,"href":"https:\/\/ttt.gm360.com.br\/index.php\/wp-json\/wp\/v2\/posts\/2571\/revisions"}],"predecessor-version":[{"id":3092,"href":"https:\/\/ttt.gm360.com.br\/index.php\/wp-json\/wp\/v2\/posts\/2571\/revisions\/3092"}],"wp:attachment":[{"href":"https:\/\/ttt.gm360.com.br\/index.php\/wp-json\/wp\/v2\/media?parent=2571"}],"wp:term":[{"taxonomy":"category","embeddable":true,"href":"https:\/\/ttt.gm360.com.br\/index.php\/wp-json\/wp\/v2\/categories?post=2571"},{"taxonomy":"post_tag","embeddable":true,"href":"https:\/\/ttt.gm360.com.br\/index.php\/wp-json\/wp\/v2\/tags?post=2571"}],"curies":[{"name":"wp","href":"https:\/\/api.w.org\/{rel}","templated":true}]}}