{"id":2573,"date":"2025-09-30T13:23:47","date_gmt":"2025-09-30T16:23:47","guid":{"rendered":"https:\/\/ttt.gm360.com.br\/?p=2573"},"modified":"2025-11-03T10:44:53","modified_gmt":"2025-11-03T13:44:53","slug":"08-2","status":"publish","type":"post","link":"https:\/\/ttt.gm360.com.br\/index.php\/2025\/09\/30\/08-2\/","title":{"rendered":"08"},"content":{"rendered":"\n<figure class=\"wp-block-gallery has-nested-images columns-1 is-cropped wp-block-gallery-1 is-layout-flex\">\n<figure class=\"wp-block-image size-large\"><img decoding=\"async\" loading=\"lazy\" width=\"1024\" height=\"1024\" data-id=\"2746\"  src=\"https:\/\/ttt.gm360.com.br\/wp-content\/uploads\/2025\/10\/arrp-066-1024x1024.jpg\" alt=\"\" class=\"wp-image-2746\" srcset=\"https:\/\/ttt.gm360.com.br\/wp-content\/uploads\/2025\/10\/arrp-066-1024x1024.jpg 1024w, https:\/\/ttt.gm360.com.br\/wp-content\/uploads\/2025\/10\/arrp-066-300x300.jpg 300w, https:\/\/ttt.gm360.com.br\/wp-content\/uploads\/2025\/10\/arrp-066-150x150.jpg 150w, https:\/\/ttt.gm360.com.br\/wp-content\/uploads\/2025\/10\/arrp-066-768x768.jpg 768w, https:\/\/ttt.gm360.com.br\/wp-content\/uploads\/2025\/10\/arrp-066.jpg 1100w\" sizes=\"(max-width: 1024px) 100vw, 1024px\" \/><figcaption class=\"wp-element-caption\"><strong>NR 0066-A<\/strong><br>Artista \/ <em>artist<\/em>:<strong> RAPHAEL GIANNINI<\/strong><br>T\u00edtulo \/ <em>title<\/em>: S\u00e9rie: El Dorado &#8211; Monta\u00f1a Machu Picho l<br>T\u00e9cnica \/ <em>technique<\/em>: \u00c1gua forte, \u00e1gua tinta e folha de ouro sobre papel Hannem\u00fcle<br>Dimens\u00f5es \/ <em>dimensions:<\/em> 5 x 5 cm<br>Ano \/ <em>year:<\/em> 2020<br>Pa\u00eds \/ <em>country:<\/em> BRASIL<\/figcaption><\/figure>\n\n\n\n<figure class=\"wp-block-image size-large\"><img decoding=\"async\" loading=\"lazy\" width=\"1024\" height=\"1024\" data-id=\"2745\"  src=\"https:\/\/ttt.gm360.com.br\/wp-content\/uploads\/2025\/10\/arrp-067-1024x1024.jpg\" alt=\"\" class=\"wp-image-2745\" srcset=\"https:\/\/ttt.gm360.com.br\/wp-content\/uploads\/2025\/10\/arrp-067-1024x1024.jpg 1024w, https:\/\/ttt.gm360.com.br\/wp-content\/uploads\/2025\/10\/arrp-067-300x300.jpg 300w, https:\/\/ttt.gm360.com.br\/wp-content\/uploads\/2025\/10\/arrp-067-150x150.jpg 150w, https:\/\/ttt.gm360.com.br\/wp-content\/uploads\/2025\/10\/arrp-067-768x768.jpg 768w, https:\/\/ttt.gm360.com.br\/wp-content\/uploads\/2025\/10\/arrp-067.jpg 1100w\" sizes=\"(max-width: 1024px) 100vw, 1024px\" \/><figcaption class=\"wp-element-caption\"><strong>NR 0067-A<\/strong><br>Artista \/ <em>artist<\/em>:<strong> SANTOS AMAURY<\/strong><br>T\u00edtulo \/ <em>title<\/em>: Sem T\u00edtulo l<br>T\u00e9cnica \/ <em>technique<\/em>: Pintura sobre foto<br>Dimens\u00f5es \/ <em>dimensions:<\/em> 2 x 2 cm<br>Ano \/ <em>year:<\/em> 2020<br>Pa\u00eds \/ <em>country:<\/em> BRASIL<\/figcaption><\/figure>\n\n\n\n<figure class=\"wp-block-image size-large\"><img decoding=\"async\" loading=\"lazy\" width=\"1024\" height=\"1024\" data-id=\"2747\"  src=\"https:\/\/ttt.gm360.com.br\/wp-content\/uploads\/2025\/10\/arrp-068-1024x1024.jpg\" alt=\"\" class=\"wp-image-2747\" srcset=\"https:\/\/ttt.gm360.com.br\/wp-content\/uploads\/2025\/10\/arrp-068-1024x1024.jpg 1024w, https:\/\/ttt.gm360.com.br\/wp-content\/uploads\/2025\/10\/arrp-068-300x300.jpg 300w, https:\/\/ttt.gm360.com.br\/wp-content\/uploads\/2025\/10\/arrp-068-150x150.jpg 150w, https:\/\/ttt.gm360.com.br\/wp-content\/uploads\/2025\/10\/arrp-068-768x768.jpg 768w, https:\/\/ttt.gm360.com.br\/wp-content\/uploads\/2025\/10\/arrp-068.jpg 1100w\" sizes=\"(max-width: 1024px) 100vw, 1024px\" \/><figcaption class=\"wp-element-caption\"><strong>NR 0068-A<\/strong><br>Artista \/ <em>artist<\/em>:<strong> C. L. SALVARO<\/strong><br>T\u00edtulo \/ <em>title<\/em>: Troco<br>T\u00e9cnica \/ <em>technique<\/em>: Desenho em tampinha de garrafa<br>Dimens\u00f5es \/ <em>dimensions:<\/em> 3 x 3 cm<br>Ano \/ <em>year:<\/em> 2018<br>Pa\u00eds \/ <em>country:<\/em> BRASIL<\/figcaption><\/figure>\n\n\n\n<figure class=\"wp-block-image size-large\"><img decoding=\"async\" loading=\"lazy\" width=\"1024\" height=\"1024\" data-id=\"2748\"  src=\"https:\/\/ttt.gm360.com.br\/wp-content\/uploads\/2025\/10\/arrp-070-1024x1024.jpg\" alt=\"\" class=\"wp-image-2748\" srcset=\"https:\/\/ttt.gm360.com.br\/wp-content\/uploads\/2025\/10\/arrp-070-1024x1024.jpg 1024w, https:\/\/ttt.gm360.com.br\/wp-content\/uploads\/2025\/10\/arrp-070-300x300.jpg 300w, https:\/\/ttt.gm360.com.br\/wp-content\/uploads\/2025\/10\/arrp-070-150x150.jpg 150w, https:\/\/ttt.gm360.com.br\/wp-content\/uploads\/2025\/10\/arrp-070-768x768.jpg 768w, https:\/\/ttt.gm360.com.br\/wp-content\/uploads\/2025\/10\/arrp-070.jpg 1100w\" sizes=\"(max-width: 1024px) 100vw, 1024px\" \/><figcaption class=\"wp-element-caption\"><strong>NR 0070-A<\/strong><br>Artista \/ <em>artist<\/em>:<strong> EFE GODOY<\/strong><br>T\u00edtulo \/ <em>title<\/em>: Cristalizar vontade de v\u00f4o l<br>T\u00e9cnica \/ <em>technique<\/em>: Aquarela sobre papel montval<br>Dimens\u00f5es \/ <em>dimensions:<\/em> 5 x 5 cm<br>Ano \/ <em>year:<\/em> 2020<br>Pa\u00eds \/ <em>country:<\/em> BRASIL<\/figcaption><\/figure>\n\n\n\n<figure class=\"wp-block-image size-large\"><img decoding=\"async\" loading=\"lazy\" width=\"1024\" height=\"1024\" data-id=\"2751\"  src=\"https:\/\/ttt.gm360.com.br\/wp-content\/uploads\/2025\/10\/arrp-071-1024x1024.jpg\" alt=\"\" class=\"wp-image-2751\" srcset=\"https:\/\/ttt.gm360.com.br\/wp-content\/uploads\/2025\/10\/arrp-071-1024x1024.jpg 1024w, https:\/\/ttt.gm360.com.br\/wp-content\/uploads\/2025\/10\/arrp-071-300x300.jpg 300w, https:\/\/ttt.gm360.com.br\/wp-content\/uploads\/2025\/10\/arrp-071-150x150.jpg 150w, https:\/\/ttt.gm360.com.br\/wp-content\/uploads\/2025\/10\/arrp-071-768x768.jpg 768w, https:\/\/ttt.gm360.com.br\/wp-content\/uploads\/2025\/10\/arrp-071.jpg 1100w\" sizes=\"(max-width: 1024px) 100vw, 1024px\" \/><figcaption class=\"wp-element-caption\"><strong>NR 0071-A<\/strong><br>Artista \/ <em>artist<\/em>:<strong> ALISSA OSUMI<\/strong><br>T\u00edtulo \/ <em>title<\/em>: Pequenas formas de habitar em voce (#1)<br>T\u00e9cnica \/ <em>technique<\/em>: Papel, grafite e porta negativos 35mm<br>Dimens\u00f5es \/ <em>dimensions:<\/em> 5 x 5 cm<br>Ano \/ <em>year:<\/em> 2020<br>Pa\u00eds \/ <em>country:<\/em> BRASIL<\/figcaption><\/figure>\n\n\n\n<figure class=\"wp-block-image size-large\"><img decoding=\"async\" loading=\"lazy\" width=\"1024\" height=\"1024\" data-id=\"2754\"  src=\"https:\/\/ttt.gm360.com.br\/wp-content\/uploads\/2025\/10\/arrp-074-1024x1024.jpg\" alt=\"\" class=\"wp-image-2754\" srcset=\"https:\/\/ttt.gm360.com.br\/wp-content\/uploads\/2025\/10\/arrp-074-1024x1024.jpg 1024w, https:\/\/ttt.gm360.com.br\/wp-content\/uploads\/2025\/10\/arrp-074-300x300.jpg 300w, https:\/\/ttt.gm360.com.br\/wp-content\/uploads\/2025\/10\/arrp-074-150x150.jpg 150w, https:\/\/ttt.gm360.com.br\/wp-content\/uploads\/2025\/10\/arrp-074-768x768.jpg 768w, https:\/\/ttt.gm360.com.br\/wp-content\/uploads\/2025\/10\/arrp-074.jpg 1100w\" sizes=\"(max-width: 1024px) 100vw, 1024px\" \/><figcaption class=\"wp-element-caption\"><strong>NR 0074-A<\/strong><br>Artista \/ <em>artist<\/em>:<strong> MARCIA CYMBALISTA<\/strong><br>T\u00edtulo \/ <em>title<\/em>: Parafuso gancho<br>T\u00e9cnica \/ <em>technique<\/em>: Frotagem e aguada, l\u00e1pis de cor sobre papel colorido<br>Dimens\u00f5es \/ <em>dimensions:<\/em> 5 x 5 cm<br>Ano \/ <em>year:<\/em> 2020<br>Pa\u00eds \/ <em>country:<\/em> BRASIL<\/figcaption><\/figure>\n\n\n\n<figure class=\"wp-block-image size-large\"><img decoding=\"async\" loading=\"lazy\" width=\"1024\" height=\"1024\" data-id=\"2755\"  src=\"https:\/\/ttt.gm360.com.br\/wp-content\/uploads\/2025\/10\/arrp-116-1024x1024.jpg\" alt=\"\" class=\"wp-image-2755\" srcset=\"https:\/\/ttt.gm360.com.br\/wp-content\/uploads\/2025\/10\/arrp-116-1024x1024.jpg 1024w, https:\/\/ttt.gm360.com.br\/wp-content\/uploads\/2025\/10\/arrp-116-300x300.jpg 300w, https:\/\/ttt.gm360.com.br\/wp-content\/uploads\/2025\/10\/arrp-116-150x150.jpg 150w, https:\/\/ttt.gm360.com.br\/wp-content\/uploads\/2025\/10\/arrp-116-768x768.jpg 768w, https:\/\/ttt.gm360.com.br\/wp-content\/uploads\/2025\/10\/arrp-116.jpg 1100w\" sizes=\"(max-width: 1024px) 100vw, 1024px\" \/><figcaption class=\"wp-element-caption\"><strong>NR 0116-A<\/strong><br>Artista \/ <em>artist<\/em>:<strong> EDVANIA R\u00caGO<\/strong><br>T\u00edtulo \/ <em>title: <\/em>\u00a0\u00a0Entretons #l<br>T\u00e9cnica \/ <em>technique<\/em>: Impress\u00e3o Bot\u00e2nica, colagem e carimbo<br>Dimens\u00f5es \/ <em>dimensions:<\/em> 5 x 5 x 1 cm<br>Ano \/ <em>year:<\/em> 2020<br>Pa\u00eds \/ <em>country:<\/em> BRASIL<\/figcaption><\/figure>\n\n\n\n<figure class=\"wp-block-image size-large\"><img decoding=\"async\" loading=\"lazy\" width=\"1024\" height=\"1024\" data-id=\"2752\"  src=\"https:\/\/ttt.gm360.com.br\/wp-content\/uploads\/2025\/10\/arrp-117-1024x1024.jpg\" alt=\"\" class=\"wp-image-2752\" srcset=\"https:\/\/ttt.gm360.com.br\/wp-content\/uploads\/2025\/10\/arrp-117-1024x1024.jpg 1024w, https:\/\/ttt.gm360.com.br\/wp-content\/uploads\/2025\/10\/arrp-117-300x300.jpg 300w, https:\/\/ttt.gm360.com.br\/wp-content\/uploads\/2025\/10\/arrp-117-150x150.jpg 150w, https:\/\/ttt.gm360.com.br\/wp-content\/uploads\/2025\/10\/arrp-117-768x768.jpg 768w, https:\/\/ttt.gm360.com.br\/wp-content\/uploads\/2025\/10\/arrp-117.jpg 1100w\" sizes=\"(max-width: 1024px) 100vw, 1024px\" \/><figcaption class=\"wp-element-caption\"><strong>NR 0117-A<\/strong><br>Artista \/ <em>artist<\/em>:<strong> LARISSA CAMNEV<\/strong><br>T\u00edtulo \/ <em>title: <\/em>\u00a0Da tortura ao poder dos c\u00edlios<br>T\u00e9cnica \/ <em>technique<\/em>: A\u00e7o, linha, acr\u00edlico, bobina de pl\u00e1stico e c\u00edlio posti\u00e7o<br>Dimens\u00f5es \/ <em>dimensions:<\/em> 3 x 5 x 5 cm<br>Ano \/ <em>year:<\/em> 2020<br>Pa\u00eds \/ <em>country:<\/em> BRASIL<\/figcaption><\/figure>\n\n\n\n<figure class=\"wp-block-image size-large\"><img decoding=\"async\" loading=\"lazy\" width=\"1024\" height=\"1024\" data-id=\"2749\"  src=\"https:\/\/ttt.gm360.com.br\/wp-content\/uploads\/2025\/10\/arrp-118-1024x1024.jpg\" alt=\"\" class=\"wp-image-2749\" srcset=\"https:\/\/ttt.gm360.com.br\/wp-content\/uploads\/2025\/10\/arrp-118-1024x1024.jpg 1024w, https:\/\/ttt.gm360.com.br\/wp-content\/uploads\/2025\/10\/arrp-118-300x300.jpg 300w, https:\/\/ttt.gm360.com.br\/wp-content\/uploads\/2025\/10\/arrp-118-150x150.jpg 150w, https:\/\/ttt.gm360.com.br\/wp-content\/uploads\/2025\/10\/arrp-118-768x768.jpg 768w, https:\/\/ttt.gm360.com.br\/wp-content\/uploads\/2025\/10\/arrp-118.jpg 1100w\" sizes=\"(max-width: 1024px) 100vw, 1024px\" \/><figcaption class=\"wp-element-caption\"><strong>NR 0118-A<\/strong><br>Artista \/ <em>artist<\/em>:<strong> RENATA VOSS<\/strong><br>T\u00edtulo \/ <em>title: <\/em>\u00a0Diapositivo<br>T\u00e9cnica \/ <em>technique<\/em>: Cromo<br>Dimens\u00f5es \/ <em>dimensions:<\/em> 5 x 5cm<br>Ano \/ <em>year:<\/em> 2020<br>Pa\u00eds \/ <em>country:<\/em> BRASIL<\/figcaption><\/figure>\n\n\n\n<figure class=\"wp-block-image size-large\"><img decoding=\"async\" loading=\"lazy\" width=\"1024\" height=\"1024\" data-id=\"2753\"  src=\"https:\/\/ttt.gm360.com.br\/wp-content\/uploads\/2025\/10\/arrp-119-1024x1024.jpg\" alt=\"\" class=\"wp-image-2753\" srcset=\"https:\/\/ttt.gm360.com.br\/wp-content\/uploads\/2025\/10\/arrp-119-1024x1024.jpg 1024w, https:\/\/ttt.gm360.com.br\/wp-content\/uploads\/2025\/10\/arrp-119-300x300.jpg 300w, https:\/\/ttt.gm360.com.br\/wp-content\/uploads\/2025\/10\/arrp-119-150x150.jpg 150w, https:\/\/ttt.gm360.com.br\/wp-content\/uploads\/2025\/10\/arrp-119-768x768.jpg 768w, https:\/\/ttt.gm360.com.br\/wp-content\/uploads\/2025\/10\/arrp-119.jpg 1100w\" sizes=\"(max-width: 1024px) 100vw, 1024px\" \/><figcaption class=\"wp-element-caption\"><strong>NR 0119-A<\/strong><br>Artista \/ <em>artist<\/em>:<strong> RAUL LEAL<\/strong><br>T\u00edtulo \/ <em>title: <\/em>\u00a0Jararaca<br>T\u00e9cnica \/ <em>technique<\/em>: Monotipia sobre madeira<br>Dimens\u00f5es \/ <em>dimensions:<\/em> 5 x 5 x 2 cm<br>Ano \/ <em>year:<\/em> 2020<br>Pa\u00eds \/ <em>country:<\/em> BRASIL<\/figcaption><\/figure>\n\n\n\n<figure class=\"wp-block-image size-large\"><img decoding=\"async\" loading=\"lazy\" width=\"1024\" height=\"1024\" data-id=\"2756\"  src=\"https:\/\/ttt.gm360.com.br\/wp-content\/uploads\/2025\/10\/arrp-121-1024x1024.jpg\" alt=\"\" class=\"wp-image-2756\" srcset=\"https:\/\/ttt.gm360.com.br\/wp-content\/uploads\/2025\/10\/arrp-121-1024x1024.jpg 1024w, https:\/\/ttt.gm360.com.br\/wp-content\/uploads\/2025\/10\/arrp-121-300x300.jpg 300w, https:\/\/ttt.gm360.com.br\/wp-content\/uploads\/2025\/10\/arrp-121-150x150.jpg 150w, https:\/\/ttt.gm360.com.br\/wp-content\/uploads\/2025\/10\/arrp-121-768x768.jpg 768w, https:\/\/ttt.gm360.com.br\/wp-content\/uploads\/2025\/10\/arrp-121.jpg 1100w\" sizes=\"(max-width: 1024px) 100vw, 1024px\" \/><figcaption class=\"wp-element-caption\"><strong>NR 0121-A<\/strong><br>Artista \/ <em>artist<\/em>:<strong> JO\u00c3O HENRIQUE<\/strong><br>T\u00edtulo \/ <em>title: <\/em>Infinito \u00cdntimo #l<br>T\u00e9cnica \/ <em>technique<\/em>: Acr\u00edlica, spray e algod\u00e3o sobre papel<br>Dimens\u00f5es \/ <em>dimensions:<\/em> 5 x 5 x 2 cm<br>Ano \/ <em>year:<\/em> 2020<br>Pa\u00eds \/ <em>country:<\/em> BRASIL<\/figcaption><\/figure>\n\n\n\n<figure class=\"wp-block-image size-large\"><img decoding=\"async\" loading=\"lazy\" width=\"1024\" height=\"1024\" data-id=\"2750\"  src=\"https:\/\/ttt.gm360.com.br\/wp-content\/uploads\/2025\/10\/arrp-123-1024x1024.jpg\" alt=\"\" class=\"wp-image-2750\" srcset=\"https:\/\/ttt.gm360.com.br\/wp-content\/uploads\/2025\/10\/arrp-123-1024x1024.jpg 1024w, https:\/\/ttt.gm360.com.br\/wp-content\/uploads\/2025\/10\/arrp-123-300x300.jpg 300w, https:\/\/ttt.gm360.com.br\/wp-content\/uploads\/2025\/10\/arrp-123-150x150.jpg 150w, https:\/\/ttt.gm360.com.br\/wp-content\/uploads\/2025\/10\/arrp-123-768x768.jpg 768w, https:\/\/ttt.gm360.com.br\/wp-content\/uploads\/2025\/10\/arrp-123.jpg 1100w\" sizes=\"(max-width: 1024px) 100vw, 1024px\" \/><figcaption class=\"wp-element-caption\"><strong>NR 0123-A<\/strong><br>Artista \/ <em>artist<\/em>:<strong> BEL BARCELLOS<\/strong><br>T\u00edtulo \/ <em>title: <\/em>\u00a0&#8220;Mais um dia \/ menos um dia&#8221; #l<br>T\u00e9cnica \/ <em>technique<\/em>: Desenho bordado sobre lona<br>Dimens\u00f5es \/ <em>dimensions:<\/em> 5 x 5 x 3 cm<br>Ano \/ <em>year:<\/em> 2020<br>Pa\u00eds \/ <em>country:<\/em> BRASIL<\/figcaption><\/figure>\n<\/figure>\n","protected":false},"excerpt":{"rendered":"","protected":false},"author":1,"featured_media":0,"comment_status":"open","ping_status":"open","sticky":false,"template":"elementor_canvas","format":"standard","meta":[],"categories":[1],"tags":[],"_links":{"self":[{"href":"https:\/\/ttt.gm360.com.br\/index.php\/wp-json\/wp\/v2\/posts\/2573"}],"collection":[{"href":"https:\/\/ttt.gm360.com.br\/index.php\/wp-json\/wp\/v2\/posts"}],"about":[{"href":"https:\/\/ttt.gm360.com.br\/index.php\/wp-json\/wp\/v2\/types\/post"}],"author":[{"embeddable":true,"href":"https:\/\/ttt.gm360.com.br\/index.php\/wp-json\/wp\/v2\/users\/1"}],"replies":[{"embeddable":true,"href":"https:\/\/ttt.gm360.com.br\/index.php\/wp-json\/wp\/v2\/comments?post=2573"}],"version-history":[{"count":3,"href":"https:\/\/ttt.gm360.com.br\/index.php\/wp-json\/wp\/v2\/posts\/2573\/revisions"}],"predecessor-version":[{"id":3089,"href":"https:\/\/ttt.gm360.com.br\/index.php\/wp-json\/wp\/v2\/posts\/2573\/revisions\/3089"}],"wp:attachment":[{"href":"https:\/\/ttt.gm360.com.br\/index.php\/wp-json\/wp\/v2\/media?parent=2573"}],"wp:term":[{"taxonomy":"category","embeddable":true,"href":"https:\/\/ttt.gm360.com.br\/index.php\/wp-json\/wp\/v2\/categories?post=2573"},{"taxonomy":"post_tag","embeddable":true,"href":"https:\/\/ttt.gm360.com.br\/index.php\/wp-json\/wp\/v2\/tags?post=2573"}],"curies":[{"name":"wp","href":"https:\/\/api.w.org\/{rel}","templated":true}]}}