{"id":2577,"date":"2025-09-30T13:29:41","date_gmt":"2025-09-30T16:29:41","guid":{"rendered":"https:\/\/ttt.gm360.com.br\/?p=2577"},"modified":"2025-11-03T10:20:34","modified_gmt":"2025-11-03T13:20:34","slug":"10-2","status":"publish","type":"post","link":"https:\/\/ttt.gm360.com.br\/index.php\/2025\/09\/30\/10-2\/","title":{"rendered":"10"},"content":{"rendered":"\n<figure class=\"wp-block-gallery has-nested-images columns-1 is-cropped wp-block-gallery-1 is-layout-flex\">\n<figure class=\"wp-block-image size-large\"><img decoding=\"async\" loading=\"lazy\" width=\"1024\" height=\"1024\" data-id=\"2784\"  src=\"https:\/\/ttt.gm360.com.br\/wp-content\/uploads\/2025\/10\/arrp-045-1024x1024.jpg\" alt=\"\" class=\"wp-image-2784\" srcset=\"https:\/\/ttt.gm360.com.br\/wp-content\/uploads\/2025\/10\/arrp-045-1024x1024.jpg 1024w, https:\/\/ttt.gm360.com.br\/wp-content\/uploads\/2025\/10\/arrp-045-300x300.jpg 300w, https:\/\/ttt.gm360.com.br\/wp-content\/uploads\/2025\/10\/arrp-045-150x150.jpg 150w, https:\/\/ttt.gm360.com.br\/wp-content\/uploads\/2025\/10\/arrp-045-768x768.jpg 768w, https:\/\/ttt.gm360.com.br\/wp-content\/uploads\/2025\/10\/arrp-045.jpg 1100w\" sizes=\"(max-width: 1024px) 100vw, 1024px\" \/><figcaption class=\"wp-element-caption\"><strong>NR 0045-A<\/strong><br>Artista \/ <em>artist<\/em>:<strong> RICARDO ALVES<\/strong><br>T\u00edtulo \/ <em>title<\/em>: Camale\u00e3o<br>T\u00e9cnica \/ <em>technique<\/em>: \u00d3leo sobre papel cart\u00e3o<br>Dimens\u00f5es \/ <em>dimensions:<\/em> 5 x 5 cm<br>Ano \/ <em>year:<\/em> 2020<br>Pa\u00eds \/ <em>country:<\/em> BRASIL<\/figcaption><\/figure>\n\n\n\n<figure class=\"wp-block-image size-large\"><img decoding=\"async\" loading=\"lazy\" width=\"1024\" height=\"1024\" data-id=\"2785\"  src=\"https:\/\/ttt.gm360.com.br\/wp-content\/uploads\/2025\/10\/arrp-046-1024x1024.jpg\" alt=\"\" class=\"wp-image-2785\" srcset=\"https:\/\/ttt.gm360.com.br\/wp-content\/uploads\/2025\/10\/arrp-046-1024x1024.jpg 1024w, https:\/\/ttt.gm360.com.br\/wp-content\/uploads\/2025\/10\/arrp-046-300x300.jpg 300w, https:\/\/ttt.gm360.com.br\/wp-content\/uploads\/2025\/10\/arrp-046-150x150.jpg 150w, https:\/\/ttt.gm360.com.br\/wp-content\/uploads\/2025\/10\/arrp-046-768x768.jpg 768w, https:\/\/ttt.gm360.com.br\/wp-content\/uploads\/2025\/10\/arrp-046.jpg 1100w\" sizes=\"(max-width: 1024px) 100vw, 1024px\" \/><figcaption class=\"wp-element-caption\"><strong>NR 0046-A<\/strong><br>Artista \/ <em>artist<\/em><strong> MATHEUS GUILHERME<\/strong><br>T\u00edtulo \/ <em>title<\/em>: Autorretrato com tr\u00eas jaquetas diferentes, tr\u00eas dias diferentes<br>T\u00e9cnica \/ <em>technique<\/em>: Acr\u00edlico sobre tela<br>Dimens\u00f5es \/ <em>dimensions:<\/em> 5 x 3,5 cm<br>Ano \/ <em>year:<\/em> 2020<br>Pa\u00eds \/ <em>country:<\/em> BRASIL<\/figcaption><\/figure>\n\n\n\n<figure class=\"wp-block-image size-large\"><img decoding=\"async\" loading=\"lazy\" width=\"1024\" height=\"1024\" data-id=\"2788\"  src=\"https:\/\/ttt.gm360.com.br\/wp-content\/uploads\/2025\/10\/arrp-048-1024x1024.jpg\" alt=\"\" class=\"wp-image-2788\" srcset=\"https:\/\/ttt.gm360.com.br\/wp-content\/uploads\/2025\/10\/arrp-048-1024x1024.jpg 1024w, https:\/\/ttt.gm360.com.br\/wp-content\/uploads\/2025\/10\/arrp-048-300x300.jpg 300w, https:\/\/ttt.gm360.com.br\/wp-content\/uploads\/2025\/10\/arrp-048-150x150.jpg 150w, https:\/\/ttt.gm360.com.br\/wp-content\/uploads\/2025\/10\/arrp-048-768x768.jpg 768w, https:\/\/ttt.gm360.com.br\/wp-content\/uploads\/2025\/10\/arrp-048.jpg 1100w\" sizes=\"(max-width: 1024px) 100vw, 1024px\" \/><figcaption class=\"wp-element-caption\"><strong>NR 0048-A<\/strong><br>Artista \/ <em>artist<\/em>:<strong> RAFAEL KENJI<\/strong><br>T\u00edtulo \/ <em>title<\/em>: Concha de Levy<br>T\u00e9cnica \/ <em>technique<\/em>: Gravura em metal<br>Dimens\u00f5es \/ <em>dimensions:<\/em> 5 x 5 x cm<br>Ano \/ <em>year:<\/em> 2020<br>Pa\u00eds \/ <em>country:<\/em> BRASIL<\/figcaption><\/figure>\n\n\n\n<figure class=\"wp-block-image size-large\"><img decoding=\"async\" loading=\"lazy\" width=\"1024\" height=\"1024\" data-id=\"2791\"  src=\"https:\/\/ttt.gm360.com.br\/wp-content\/uploads\/2025\/10\/arrp-049-1024x1024.jpg\" alt=\"\" class=\"wp-image-2791\" srcset=\"https:\/\/ttt.gm360.com.br\/wp-content\/uploads\/2025\/10\/arrp-049-1024x1024.jpg 1024w, https:\/\/ttt.gm360.com.br\/wp-content\/uploads\/2025\/10\/arrp-049-300x300.jpg 300w, https:\/\/ttt.gm360.com.br\/wp-content\/uploads\/2025\/10\/arrp-049-150x150.jpg 150w, https:\/\/ttt.gm360.com.br\/wp-content\/uploads\/2025\/10\/arrp-049-768x768.jpg 768w, https:\/\/ttt.gm360.com.br\/wp-content\/uploads\/2025\/10\/arrp-049.jpg 1100w\" sizes=\"(max-width: 1024px) 100vw, 1024px\" \/><figcaption class=\"wp-element-caption\"><strong>NR 0049-A<\/strong><br>Artista \/ <em>artist<\/em>:<strong> MARIA QUEIROGA<\/strong><br>T\u00edtulo \/ <em>title<\/em>: Sem t\u00edtulo l (da s\u00e9rie Poesia Simb\u00f3lica)<br>T\u00e9cnica \/ <em>technique<\/em>: Acrilica sobre lona<br>Dimens\u00f5es \/ <em>dimensions:<\/em> 5 x 5 cm<br>Ano \/ <em>year:<\/em> 2020<br>Pa\u00eds \/ <em>country:<\/em> BRASIL<\/figcaption><\/figure>\n\n\n\n<figure class=\"wp-block-image size-large\"><img decoding=\"async\" loading=\"lazy\" width=\"1024\" height=\"1024\" data-id=\"2790\"  src=\"https:\/\/ttt.gm360.com.br\/wp-content\/uploads\/2025\/10\/arrp-050-1024x1024.jpg\" alt=\"\" class=\"wp-image-2790\" srcset=\"https:\/\/ttt.gm360.com.br\/wp-content\/uploads\/2025\/10\/arrp-050-1024x1024.jpg 1024w, https:\/\/ttt.gm360.com.br\/wp-content\/uploads\/2025\/10\/arrp-050-300x300.jpg 300w, https:\/\/ttt.gm360.com.br\/wp-content\/uploads\/2025\/10\/arrp-050-150x150.jpg 150w, https:\/\/ttt.gm360.com.br\/wp-content\/uploads\/2025\/10\/arrp-050-768x768.jpg 768w, https:\/\/ttt.gm360.com.br\/wp-content\/uploads\/2025\/10\/arrp-050.jpg 1100w\" sizes=\"(max-width: 1024px) 100vw, 1024px\" \/><figcaption class=\"wp-element-caption\"><strong>NR 0050-A<\/strong><br>Artista \/ <em>artist<\/em><strong> RAFAEL ALONSO<\/strong><br>T\u00edtulo \/ <em>title<\/em>: &#8220;O de cima e o de baixo&#8221;<br>T\u00e9cnica \/ <em>technique<\/em>: Acr\u00edlica sobre papel<br>Dimens\u00f5es \/ <em>dimensions:<\/em> 4 x 4 cm<br>Ano \/ <em>year:<\/em> 2021<br>Pa\u00eds \/ <em>country:<\/em> BRASIL<\/figcaption><\/figure>\n\n\n\n<figure class=\"wp-block-image size-large\"><img decoding=\"async\" loading=\"lazy\" width=\"1024\" height=\"1024\" data-id=\"2795\"  src=\"https:\/\/ttt.gm360.com.br\/wp-content\/uploads\/2025\/10\/arrp-051-1024x1024.jpg\" alt=\"\" class=\"wp-image-2795\" srcset=\"https:\/\/ttt.gm360.com.br\/wp-content\/uploads\/2025\/10\/arrp-051-1024x1024.jpg 1024w, https:\/\/ttt.gm360.com.br\/wp-content\/uploads\/2025\/10\/arrp-051-300x300.jpg 300w, https:\/\/ttt.gm360.com.br\/wp-content\/uploads\/2025\/10\/arrp-051-150x150.jpg 150w, https:\/\/ttt.gm360.com.br\/wp-content\/uploads\/2025\/10\/arrp-051-768x768.jpg 768w, https:\/\/ttt.gm360.com.br\/wp-content\/uploads\/2025\/10\/arrp-051.jpg 1100w\" sizes=\"(max-width: 1024px) 100vw, 1024px\" \/><figcaption class=\"wp-element-caption\"><strong>NR 0051-A<\/strong><br>Artista \/ <em>artist<\/em>:<strong> KEYT MENDON\u00c7A<\/strong><br>T\u00edtulo \/ <em>title<\/em>: Sem T\u00edtulo l &#8211; (da s\u00e9rie: Das Montanhas apenas o peda\u00e7o que finaliza o abismo)<br>T\u00e9cnica \/ <em>technique<\/em>: Nanquim sobre papel<br>Dimens\u00f5es \/ <em>dimensions:<\/em> 5 x 5 cm<br>Ano \/ <em>year:<\/em> 2020<br>Pa\u00eds \/ <em>country:<\/em> BRASIL<\/figcaption><\/figure>\n\n\n\n<figure class=\"wp-block-image size-large\"><img decoding=\"async\" loading=\"lazy\" width=\"1024\" height=\"1024\" data-id=\"2792\"  src=\"https:\/\/ttt.gm360.com.br\/wp-content\/uploads\/2025\/10\/arrp-082-1024x1024.jpg\" alt=\"\" class=\"wp-image-2792\" srcset=\"https:\/\/ttt.gm360.com.br\/wp-content\/uploads\/2025\/10\/arrp-082-1024x1024.jpg 1024w, https:\/\/ttt.gm360.com.br\/wp-content\/uploads\/2025\/10\/arrp-082-300x300.jpg 300w, https:\/\/ttt.gm360.com.br\/wp-content\/uploads\/2025\/10\/arrp-082-150x150.jpg 150w, https:\/\/ttt.gm360.com.br\/wp-content\/uploads\/2025\/10\/arrp-082-768x768.jpg 768w, https:\/\/ttt.gm360.com.br\/wp-content\/uploads\/2025\/10\/arrp-082.jpg 1100w\" sizes=\"(max-width: 1024px) 100vw, 1024px\" \/><figcaption class=\"wp-element-caption\"><strong>NR 0082-A<\/strong><br>Artista \/ <em>artist<\/em>:<strong> RENATO LEAL<\/strong><br>T\u00edtulo \/ <em>title<\/em>: Micro Organicidades 1<br>T\u00e9cnica \/ <em>technique<\/em>: Papel<br>Dimens\u00f5es \/ <em>dimensions:<\/em> 5 x 5 x 5 cm<br>Ano \/ <em>year:<\/em> 2020<br>Pa\u00eds \/ <em>country:<\/em> BRASIL<\/figcaption><\/figure>\n\n\n\n<figure class=\"wp-block-image size-large\"><img decoding=\"async\" loading=\"lazy\" width=\"1024\" height=\"1024\" data-id=\"2786\"  src=\"https:\/\/ttt.gm360.com.br\/wp-content\/uploads\/2025\/10\/arrp-083-1024x1024.jpg\" alt=\"\" class=\"wp-image-2786\" srcset=\"https:\/\/ttt.gm360.com.br\/wp-content\/uploads\/2025\/10\/arrp-083-1024x1024.jpg 1024w, https:\/\/ttt.gm360.com.br\/wp-content\/uploads\/2025\/10\/arrp-083-300x300.jpg 300w, https:\/\/ttt.gm360.com.br\/wp-content\/uploads\/2025\/10\/arrp-083-150x150.jpg 150w, https:\/\/ttt.gm360.com.br\/wp-content\/uploads\/2025\/10\/arrp-083-768x768.jpg 768w, https:\/\/ttt.gm360.com.br\/wp-content\/uploads\/2025\/10\/arrp-083.jpg 1100w\" sizes=\"(max-width: 1024px) 100vw, 1024px\" \/><figcaption class=\"wp-element-caption\"><strong>NR 0083-A<\/strong><br>Artista \/ <em>artist<\/em>:<strong> LEANDRO DA COSTA<\/strong><br>T\u00edtulo \/ <em>title<\/em>: Icebergs &#8211; Estar a deriva \u00e9 uma quest\u00e3o de escala<br>T\u00e9cnica \/ <em>technique<\/em>: Madeira, pedra, namquim sobre acetato, parafuso e massa pl\u00e1stica<br>Dimens\u00f5es \/ <em>dimensions:<\/em> 5 x 5 x 5 cm<br>Ano \/ <em>year:<\/em> 2020<br>Pa\u00eds \/ <em>country:<\/em> BRASIL<\/figcaption><\/figure>\n\n\n\n<figure class=\"wp-block-image size-large\"><img decoding=\"async\" loading=\"lazy\" width=\"1024\" height=\"1024\" data-id=\"2787\"  src=\"https:\/\/ttt.gm360.com.br\/wp-content\/uploads\/2025\/10\/arrp-084-1024x1024.jpg\" alt=\"\" class=\"wp-image-2787\" srcset=\"https:\/\/ttt.gm360.com.br\/wp-content\/uploads\/2025\/10\/arrp-084-1024x1024.jpg 1024w, https:\/\/ttt.gm360.com.br\/wp-content\/uploads\/2025\/10\/arrp-084-300x300.jpg 300w, https:\/\/ttt.gm360.com.br\/wp-content\/uploads\/2025\/10\/arrp-084-150x150.jpg 150w, https:\/\/ttt.gm360.com.br\/wp-content\/uploads\/2025\/10\/arrp-084-768x768.jpg 768w, https:\/\/ttt.gm360.com.br\/wp-content\/uploads\/2025\/10\/arrp-084.jpg 1100w\" sizes=\"(max-width: 1024px) 100vw, 1024px\" \/><figcaption class=\"wp-element-caption\"><strong>NR 0084-A<\/strong><br>Artista \/ <em>artist<\/em>:<strong> DIOGO BUENO<\/strong><br>T\u00edtulo \/ <em>title<\/em>: Como aqui \u00e9 muito quente e eles n\u00e3o t\u00eam lazer, atravessaram o campinho e foram nadar na caixa d&#8217;\u00e1gua<br>T\u00e9cnica \/ <em>technique<\/em>: Papel\u00e3o, papel quadriculado, tampas de caneta, pregos, hidrocor e cola bast\u00e3o<br>Dimens\u00f5es \/ <em>dimensions:<\/em> 5 x 5 x 5 cm<br>Ano \/ <em>year:<\/em> 2020<br>Pa\u00eds \/ <em>country:<\/em> BRASIL<\/figcaption><\/figure>\n\n\n\n<figure class=\"wp-block-image size-large\"><img decoding=\"async\" loading=\"lazy\" width=\"1024\" height=\"1024\" data-id=\"2789\"  src=\"https:\/\/ttt.gm360.com.br\/wp-content\/uploads\/2025\/10\/arrp-085-1024x1024.jpg\" alt=\"\" class=\"wp-image-2789\" srcset=\"https:\/\/ttt.gm360.com.br\/wp-content\/uploads\/2025\/10\/arrp-085-1024x1024.jpg 1024w, https:\/\/ttt.gm360.com.br\/wp-content\/uploads\/2025\/10\/arrp-085-300x300.jpg 300w, https:\/\/ttt.gm360.com.br\/wp-content\/uploads\/2025\/10\/arrp-085-150x150.jpg 150w, https:\/\/ttt.gm360.com.br\/wp-content\/uploads\/2025\/10\/arrp-085-768x768.jpg 768w, https:\/\/ttt.gm360.com.br\/wp-content\/uploads\/2025\/10\/arrp-085.jpg 1100w\" sizes=\"(max-width: 1024px) 100vw, 1024px\" \/><figcaption class=\"wp-element-caption\"><strong>NR 0085-A<\/strong><br>Artista \/ <em>artist<\/em>:<strong> TANGERINA BRUNO<\/strong><br>T\u00edtulo \/ <em>title<\/em>: Para dar forma \u00e9 preciso tirar a forma &#8211; Autoretrato<br>T\u00e9cnica \/ <em>technique<\/em>: Escultura em giz de cera<br>Dimens\u00f5es \/ <em>dimensions:<\/em> 5 x 3,5 x 5 cm<br>Ano \/ <em>year:<\/em> 2020<br>Pa\u00eds \/ <em>country:<\/em> BRASIL<\/figcaption><\/figure>\n\n\n\n<figure class=\"wp-block-image size-large\"><img decoding=\"async\" loading=\"lazy\" width=\"1024\" height=\"1024\" data-id=\"2794\"  src=\"https:\/\/ttt.gm360.com.br\/wp-content\/uploads\/2025\/10\/arrp-088-1024x1024.jpg\" alt=\"\" class=\"wp-image-2794\" srcset=\"https:\/\/ttt.gm360.com.br\/wp-content\/uploads\/2025\/10\/arrp-088-1024x1024.jpg 1024w, https:\/\/ttt.gm360.com.br\/wp-content\/uploads\/2025\/10\/arrp-088-300x300.jpg 300w, https:\/\/ttt.gm360.com.br\/wp-content\/uploads\/2025\/10\/arrp-088-150x150.jpg 150w, https:\/\/ttt.gm360.com.br\/wp-content\/uploads\/2025\/10\/arrp-088-768x768.jpg 768w, https:\/\/ttt.gm360.com.br\/wp-content\/uploads\/2025\/10\/arrp-088.jpg 1100w\" sizes=\"(max-width: 1024px) 100vw, 1024px\" \/><figcaption class=\"wp-element-caption\"><strong>NR 0088-A<\/strong><br>Artista \/ <em>artist<\/em>:<strong> GUSTAVO TORREZAN<\/strong><br>T\u00edtulo \/ <em>title<\/em>: Como inventar novos c\u00e9us com as mesmas estrelas (s\u00e9rie exerc\u00edcio cosmopol\u00edtico l)<br>T\u00e9cnica \/ <em>technique<\/em>: Estrelas de pl\u00e1stico, c\u00fapula de pleastico, anel e corrente de a\u00e7o<br>Dimens\u00f5es \/ <em>dimensions:<\/em> 5 x 5 x 5 cm<br>Ano \/ <em>year:<\/em> 2020<br>Pa\u00eds \/ <em>country:<\/em> BRASIL<\/figcaption><\/figure>\n\n\n\n<figure class=\"wp-block-image size-large\"><img decoding=\"async\" loading=\"lazy\" width=\"1024\" height=\"1024\" data-id=\"2793\"  src=\"https:\/\/ttt.gm360.com.br\/wp-content\/uploads\/2025\/10\/arrp-090-1024x1024.jpg\" alt=\"\" class=\"wp-image-2793\" srcset=\"https:\/\/ttt.gm360.com.br\/wp-content\/uploads\/2025\/10\/arrp-090-1024x1024.jpg 1024w, https:\/\/ttt.gm360.com.br\/wp-content\/uploads\/2025\/10\/arrp-090-300x300.jpg 300w, https:\/\/ttt.gm360.com.br\/wp-content\/uploads\/2025\/10\/arrp-090-150x150.jpg 150w, https:\/\/ttt.gm360.com.br\/wp-content\/uploads\/2025\/10\/arrp-090-768x768.jpg 768w, https:\/\/ttt.gm360.com.br\/wp-content\/uploads\/2025\/10\/arrp-090.jpg 1100w\" sizes=\"(max-width: 1024px) 100vw, 1024px\" \/><figcaption class=\"wp-element-caption\"><strong>NR 0090-A<\/strong><br>Artista \/ <em>artist<\/em>:<strong> HADNA ABREU<\/strong><br>T\u00edtulo \/ <em>title<\/em>: 5cm c\u00fabicos de Amaz\u00f4nia<br>T\u00e9cnica \/ <em>technique<\/em>: T\u00e9cnica mista<br>Dimens\u00f5es \/ <em>dimensions:<\/em> 5 x 5 x 5 cm<br>Ano \/ <em>year:<\/em> 2020<br>Pa\u00eds \/ <em>country:<\/em> BRASIL<\/figcaption><\/figure>\n<\/figure>\n","protected":false},"excerpt":{"rendered":"","protected":false},"author":1,"featured_media":0,"comment_status":"open","ping_status":"open","sticky":false,"template":"elementor_canvas","format":"standard","meta":[],"categories":[1],"tags":[],"_links":{"self":[{"href":"https:\/\/ttt.gm360.com.br\/index.php\/wp-json\/wp\/v2\/posts\/2577"}],"collection":[{"href":"https:\/\/ttt.gm360.com.br\/index.php\/wp-json\/wp\/v2\/posts"}],"about":[{"href":"https:\/\/ttt.gm360.com.br\/index.php\/wp-json\/wp\/v2\/types\/post"}],"author":[{"embeddable":true,"href":"https:\/\/ttt.gm360.com.br\/index.php\/wp-json\/wp\/v2\/users\/1"}],"replies":[{"embeddable":true,"href":"https:\/\/ttt.gm360.com.br\/index.php\/wp-json\/wp\/v2\/comments?post=2577"}],"version-history":[{"count":3,"href":"https:\/\/ttt.gm360.com.br\/index.php\/wp-json\/wp\/v2\/posts\/2577\/revisions"}],"predecessor-version":[{"id":3085,"href":"https:\/\/ttt.gm360.com.br\/index.php\/wp-json\/wp\/v2\/posts\/2577\/revisions\/3085"}],"wp:attachment":[{"href":"https:\/\/ttt.gm360.com.br\/index.php\/wp-json\/wp\/v2\/media?parent=2577"}],"wp:term":[{"taxonomy":"category","embeddable":true,"href":"https:\/\/ttt.gm360.com.br\/index.php\/wp-json\/wp\/v2\/categories?post=2577"},{"taxonomy":"post_tag","embeddable":true,"href":"https:\/\/ttt.gm360.com.br\/index.php\/wp-json\/wp\/v2\/tags?post=2577"}],"curies":[{"name":"wp","href":"https:\/\/api.w.org\/{rel}","templated":true}]}}