{"id":2587,"date":"2025-09-30T13:39:25","date_gmt":"2025-09-30T16:39:25","guid":{"rendered":"https:\/\/ttt.gm360.com.br\/?p=2587"},"modified":"2025-11-03T09:46:01","modified_gmt":"2025-11-03T12:46:01","slug":"15-2","status":"publish","type":"post","link":"https:\/\/ttt.gm360.com.br\/index.php\/2025\/09\/30\/15-2\/","title":{"rendered":"15"},"content":{"rendered":"\n<figure class=\"wp-block-gallery has-nested-images columns-1 is-cropped wp-block-gallery-1 is-layout-flex\">\n<figure class=\"wp-block-image size-large\"><img decoding=\"async\" loading=\"lazy\" width=\"1024\" height=\"1024\" data-id=\"3035\"  src=\"https:\/\/ttt.gm360.com.br\/wp-content\/uploads\/2025\/10\/arrp-346-1024x1024.jpg\" alt=\"\" class=\"wp-image-3035\" srcset=\"https:\/\/ttt.gm360.com.br\/wp-content\/uploads\/2025\/10\/arrp-346-1024x1024.jpg 1024w, https:\/\/ttt.gm360.com.br\/wp-content\/uploads\/2025\/10\/arrp-346-300x300.jpg 300w, https:\/\/ttt.gm360.com.br\/wp-content\/uploads\/2025\/10\/arrp-346-150x150.jpg 150w, https:\/\/ttt.gm360.com.br\/wp-content\/uploads\/2025\/10\/arrp-346-768x768.jpg 768w, https:\/\/ttt.gm360.com.br\/wp-content\/uploads\/2025\/10\/arrp-346.jpg 1100w\" sizes=\"(max-width: 1024px) 100vw, 1024px\" \/><figcaption class=\"wp-element-caption\"><strong>NR 0346-A\u00a0<\/strong><br>Artista \/ <em>artist<\/em>:<strong> LULILLA DLUGACZ<\/strong><br>T\u00edtulo \/ <em>title<\/em>: La arboleda<br>T\u00e9cnica \/ <em>technique<\/em>: mista &#8211; f\u00f3sforos de reserva natural<br>Dimens\u00f5es \/ <em>dimensions:<\/em> 5 x 5 x 5 cm<br>Ano \/ <em>year:<\/em> 2020<br>Pa\u00eds \/ <em>country:<\/em> ARGENTINA<\/figcaption><\/figure>\n\n\n\n<figure class=\"wp-block-image size-large\"><img decoding=\"async\" loading=\"lazy\" width=\"1024\" height=\"1024\" data-id=\"3039\"  src=\"https:\/\/ttt.gm360.com.br\/wp-content\/uploads\/2025\/10\/arrp-347-1024x1024.jpg\" alt=\"\" class=\"wp-image-3039\" srcset=\"https:\/\/ttt.gm360.com.br\/wp-content\/uploads\/2025\/10\/arrp-347-1024x1024.jpg 1024w, https:\/\/ttt.gm360.com.br\/wp-content\/uploads\/2025\/10\/arrp-347-300x300.jpg 300w, https:\/\/ttt.gm360.com.br\/wp-content\/uploads\/2025\/10\/arrp-347-150x150.jpg 150w, https:\/\/ttt.gm360.com.br\/wp-content\/uploads\/2025\/10\/arrp-347-768x768.jpg 768w, https:\/\/ttt.gm360.com.br\/wp-content\/uploads\/2025\/10\/arrp-347.jpg 1100w\" sizes=\"(max-width: 1024px) 100vw, 1024px\" \/><figcaption class=\"wp-element-caption\"><strong>NR 0347-A\u00a0<\/strong><br>Artista \/ <em>artist<\/em>:<strong> THALES POMB<\/strong><br>T\u00edtulo \/ <em>title<\/em>: Pauoquismo<br>T\u00e9cnica \/ <em>technique<\/em>: acr\u00edlica sobre madeira<br>Dimens\u00f5es \/ <em>dimensions:<\/em> 5 x 5 cm<br>Ano \/ <em>year:<\/em> 2023<br>Pa\u00eds \/ <em>country:<\/em>\u00a0\u00a0 BRASIL<\/figcaption><\/figure>\n\n\n\n<figure class=\"wp-block-image size-large\"><img decoding=\"async\" loading=\"lazy\" width=\"1024\" height=\"1024\" data-id=\"3038\"  src=\"https:\/\/ttt.gm360.com.br\/wp-content\/uploads\/2025\/10\/arrp-348-1024x1024.jpg\" alt=\"\" class=\"wp-image-3038\" srcset=\"https:\/\/ttt.gm360.com.br\/wp-content\/uploads\/2025\/10\/arrp-348-1024x1024.jpg 1024w, https:\/\/ttt.gm360.com.br\/wp-content\/uploads\/2025\/10\/arrp-348-300x300.jpg 300w, https:\/\/ttt.gm360.com.br\/wp-content\/uploads\/2025\/10\/arrp-348-150x150.jpg 150w, https:\/\/ttt.gm360.com.br\/wp-content\/uploads\/2025\/10\/arrp-348-768x768.jpg 768w, https:\/\/ttt.gm360.com.br\/wp-content\/uploads\/2025\/10\/arrp-348.jpg 1100w\" sizes=\"(max-width: 1024px) 100vw, 1024px\" \/><figcaption class=\"wp-element-caption\"><strong>NR 0348-A\u00a0<\/strong><br>Artista \/ <em>artist<\/em>:<strong> MARINA SHROEDER<\/strong><br>T\u00edtulo \/ <em>title<\/em>: Acesso l<br>T\u00e9cnica \/ <em>technique<\/em>: acr\u00edlica, bast\u00e3o \u00e0 \u00f3leo sobre acetato e madeirite<br>Dimens\u00f5es \/ <em>dimensions:<\/em> 5 x 5 x 5 cm<br>Ano \/ <em>year:<\/em> 2023<br>Pa\u00eds \/ <em>country:<\/em>\u00a0\u00a0 BRASIL<\/figcaption><\/figure>\n\n\n\n<figure class=\"wp-block-image size-large\"><img decoding=\"async\" loading=\"lazy\" width=\"1024\" height=\"1024\" data-id=\"3040\"  src=\"https:\/\/ttt.gm360.com.br\/wp-content\/uploads\/2025\/10\/arrp-351-1024x1024.jpg\" alt=\"\" class=\"wp-image-3040\" srcset=\"https:\/\/ttt.gm360.com.br\/wp-content\/uploads\/2025\/10\/arrp-351-1024x1024.jpg 1024w, https:\/\/ttt.gm360.com.br\/wp-content\/uploads\/2025\/10\/arrp-351-300x300.jpg 300w, https:\/\/ttt.gm360.com.br\/wp-content\/uploads\/2025\/10\/arrp-351-150x150.jpg 150w, https:\/\/ttt.gm360.com.br\/wp-content\/uploads\/2025\/10\/arrp-351-768x768.jpg 768w, https:\/\/ttt.gm360.com.br\/wp-content\/uploads\/2025\/10\/arrp-351.jpg 1100w\" sizes=\"(max-width: 1024px) 100vw, 1024px\" \/><figcaption class=\"wp-element-caption\"><strong>NR 0351-A\u00a0<\/strong><br>Artista \/ <em>artist<\/em>:<strong> CLARICE PANADES<\/strong><br>T\u00edtulo \/ <em>title<\/em>: Vermelho riscado<br>T\u00e9cnica \/ <em>technique<\/em>: desenho (l\u00e1pis dermatogr\u00e1fico sobre papel e ponta de agulha sobre passe-partout<br>Dimens\u00f5es \/ <em>dimensions:<\/em> 5 x 5 cm<br>Ano \/ <em>year:<\/em> 2023<br>Pa\u00eds \/ <em>country:<\/em>\u00a0\u00a0 BRASIL<\/figcaption><\/figure>\n\n\n\n<figure class=\"wp-block-image size-large\"><img decoding=\"async\" loading=\"lazy\" width=\"1024\" height=\"1024\" data-id=\"3036\"  src=\"https:\/\/ttt.gm360.com.br\/wp-content\/uploads\/2025\/10\/arrp-352-1024x1024.jpg\" alt=\"\" class=\"wp-image-3036\" srcset=\"https:\/\/ttt.gm360.com.br\/wp-content\/uploads\/2025\/10\/arrp-352-1024x1024.jpg 1024w, https:\/\/ttt.gm360.com.br\/wp-content\/uploads\/2025\/10\/arrp-352-300x300.jpg 300w, https:\/\/ttt.gm360.com.br\/wp-content\/uploads\/2025\/10\/arrp-352-150x150.jpg 150w, https:\/\/ttt.gm360.com.br\/wp-content\/uploads\/2025\/10\/arrp-352-768x768.jpg 768w, https:\/\/ttt.gm360.com.br\/wp-content\/uploads\/2025\/10\/arrp-352.jpg 1100w\" sizes=\"(max-width: 1024px) 100vw, 1024px\" \/><figcaption class=\"wp-element-caption\"><strong>NR 0352-A\u00a0<\/strong><br>Artista \/ <em>artist<\/em>:<strong> PAULO AGI<\/strong><br>T\u00edtulo \/ <em>title<\/em>: Mem\u00f3ria l<br>T\u00e9cnica \/ <em>technique<\/em>: Objeto<br>Dimens\u00f5es \/ <em>dimensions:<\/em> 4,7 x 4,4 x 4,4 cm<br>Ano \/ <em>year:<\/em> 2022<br>Pa\u00eds \/ <em>country:<\/em>\u00a0\u00a0 BRASIL<\/figcaption><\/figure>\n\n\n\n<figure class=\"wp-block-image size-large\"><img decoding=\"async\" loading=\"lazy\" width=\"1024\" height=\"1024\" data-id=\"3037\"  src=\"https:\/\/ttt.gm360.com.br\/wp-content\/uploads\/2025\/10\/arrp-358-1024x1024.jpg\" alt=\"\" class=\"wp-image-3037\" srcset=\"https:\/\/ttt.gm360.com.br\/wp-content\/uploads\/2025\/10\/arrp-358-1024x1024.jpg 1024w, https:\/\/ttt.gm360.com.br\/wp-content\/uploads\/2025\/10\/arrp-358-300x300.jpg 300w, https:\/\/ttt.gm360.com.br\/wp-content\/uploads\/2025\/10\/arrp-358-150x150.jpg 150w, https:\/\/ttt.gm360.com.br\/wp-content\/uploads\/2025\/10\/arrp-358-768x768.jpg 768w, https:\/\/ttt.gm360.com.br\/wp-content\/uploads\/2025\/10\/arrp-358.jpg 1100w\" sizes=\"(max-width: 1024px) 100vw, 1024px\" \/><figcaption class=\"wp-element-caption\"><strong>NR 0358-A\u00a0<\/strong><br>Artista \/ <em>artist<\/em>:<strong> IACO VIANA<\/strong><br>T\u00edtulo \/ <em>title<\/em>: J\u00e1 volto<br>T\u00e9cnica \/ <em>technique<\/em>: tinta acr\u00edlica e papel sobre madeira<br>Dimens\u00f5es \/ <em>dimensions:<\/em> 5 x 5 x 5 cm<br>Ano \/ <em>year:<\/em> 2023<br>Pa\u00eds \/ <em>country:<\/em>\u00a0\u00a0 BRASIL<\/figcaption><\/figure>\n\n\n\n<figure class=\"wp-block-image size-large\"><img decoding=\"async\" loading=\"lazy\" width=\"1024\" height=\"1024\" data-id=\"3043\"  src=\"https:\/\/ttt.gm360.com.br\/wp-content\/uploads\/2025\/10\/arrp-377-1024x1024.jpg\" alt=\"\" class=\"wp-image-3043\" srcset=\"https:\/\/ttt.gm360.com.br\/wp-content\/uploads\/2025\/10\/arrp-377-1024x1024.jpg 1024w, https:\/\/ttt.gm360.com.br\/wp-content\/uploads\/2025\/10\/arrp-377-300x300.jpg 300w, https:\/\/ttt.gm360.com.br\/wp-content\/uploads\/2025\/10\/arrp-377-150x150.jpg 150w, https:\/\/ttt.gm360.com.br\/wp-content\/uploads\/2025\/10\/arrp-377-768x768.jpg 768w, https:\/\/ttt.gm360.com.br\/wp-content\/uploads\/2025\/10\/arrp-377.jpg 1100w\" sizes=\"(max-width: 1024px) 100vw, 1024px\" \/><figcaption class=\"wp-element-caption\"><strong>NR 377-A\u00a0<\/strong><br>Artista \/ <em>artist<\/em>:<strong> LUCINEIA DE SOUZA<\/strong><br>T\u00edtulo \/ <em>title<\/em>: Casal<br>T\u00e9cnica \/ <em>technique<\/em>: cer\u00e2mica<br>Dimens\u00f5es \/ <em>dimensions:<\/em> 5 x 4 x 2 cm<br>Ano \/ <em>year:<\/em> 2023<br>Pa\u00eds \/ <em>country:<\/em> BRASIL<\/figcaption><\/figure>\n\n\n\n<figure class=\"wp-block-image size-large\"><img decoding=\"async\" loading=\"lazy\" width=\"1024\" height=\"1024\" data-id=\"3041\"  src=\"https:\/\/ttt.gm360.com.br\/wp-content\/uploads\/2025\/10\/arrp-380-1024x1024.jpg\" alt=\"\" class=\"wp-image-3041\" srcset=\"https:\/\/ttt.gm360.com.br\/wp-content\/uploads\/2025\/10\/arrp-380-1024x1024.jpg 1024w, https:\/\/ttt.gm360.com.br\/wp-content\/uploads\/2025\/10\/arrp-380-300x300.jpg 300w, https:\/\/ttt.gm360.com.br\/wp-content\/uploads\/2025\/10\/arrp-380-150x150.jpg 150w, https:\/\/ttt.gm360.com.br\/wp-content\/uploads\/2025\/10\/arrp-380-768x768.jpg 768w, https:\/\/ttt.gm360.com.br\/wp-content\/uploads\/2025\/10\/arrp-380.jpg 1100w\" sizes=\"(max-width: 1024px) 100vw, 1024px\" \/><figcaption class=\"wp-element-caption\"><strong>NR 380-A\u00a0<\/strong><br>Artista \/ <em>artist<\/em>:<strong> DRI BRAGOTTO<\/strong><br>T\u00edtulo \/ <em>title<\/em>: Alvo<br>T\u00e9cnica \/ <em>technique<\/em>: pintura e bordado sobre algod\u00e3o cru, suporte em pinus com<br>caf\u00e9<br>Dimens\u00f5es \/ <em>dimensions:<\/em> 5 x 4,5 cm<br>Ano \/ <em>year:<\/em> 2023<br>Pa\u00eds \/ <em>country:<\/em> BRASIL<\/figcaption><\/figure>\n\n\n\n<figure class=\"wp-block-image size-large\"><img decoding=\"async\" loading=\"lazy\" width=\"1024\" height=\"1024\" data-id=\"3046\"  src=\"https:\/\/ttt.gm360.com.br\/wp-content\/uploads\/2025\/10\/arrp-382-1024x1024.jpg\" alt=\"\" class=\"wp-image-3046\" srcset=\"https:\/\/ttt.gm360.com.br\/wp-content\/uploads\/2025\/10\/arrp-382-1024x1024.jpg 1024w, https:\/\/ttt.gm360.com.br\/wp-content\/uploads\/2025\/10\/arrp-382-300x300.jpg 300w, https:\/\/ttt.gm360.com.br\/wp-content\/uploads\/2025\/10\/arrp-382-150x150.jpg 150w, https:\/\/ttt.gm360.com.br\/wp-content\/uploads\/2025\/10\/arrp-382-768x768.jpg 768w, https:\/\/ttt.gm360.com.br\/wp-content\/uploads\/2025\/10\/arrp-382.jpg 1100w\" sizes=\"(max-width: 1024px) 100vw, 1024px\" \/><figcaption class=\"wp-element-caption\"><strong>NR 382-A\u00a0<\/strong><br>Artista \/ <em>artist<\/em>:<strong> ANNY LEMOS<\/strong><br>T\u00edtulo \/ <em>title<\/em>: Casa em erup\u00e7\u00e3o l<br>T\u00e9cnica \/ <em>technique<\/em>: cer\u00e2mica e aplica\u00e7\u00e3o de linha de costura<br>Dimens\u00f5es \/ <em>dimensions:<\/em> 2 x 4,6 cm<br>Ano \/ <em>year:<\/em> 2023<br>Pa\u00eds \/ <em>country:<\/em> BRASIL<\/figcaption><\/figure>\n\n\n\n<figure class=\"wp-block-image size-large\"><img decoding=\"async\" loading=\"lazy\" width=\"1024\" height=\"1024\" data-id=\"3044\"  src=\"https:\/\/ttt.gm360.com.br\/wp-content\/uploads\/2025\/10\/arrp-383-1024x1024.jpg\" alt=\"\" class=\"wp-image-3044\" srcset=\"https:\/\/ttt.gm360.com.br\/wp-content\/uploads\/2025\/10\/arrp-383-1024x1024.jpg 1024w, https:\/\/ttt.gm360.com.br\/wp-content\/uploads\/2025\/10\/arrp-383-300x300.jpg 300w, https:\/\/ttt.gm360.com.br\/wp-content\/uploads\/2025\/10\/arrp-383-150x150.jpg 150w, https:\/\/ttt.gm360.com.br\/wp-content\/uploads\/2025\/10\/arrp-383-768x768.jpg 768w, https:\/\/ttt.gm360.com.br\/wp-content\/uploads\/2025\/10\/arrp-383.jpg 1100w\" sizes=\"(max-width: 1024px) 100vw, 1024px\" \/><figcaption class=\"wp-element-caption\"><strong>NR 383-A\u00a0<\/strong><br>Artista \/ <em>artist<\/em>:<strong> FLAVIA MIELNIK<\/strong><br>T\u00edtulo \/ <em>title<\/em>: Sem t\u00edtulo, da s\u00e9rie Cartoteca de ilhas encontradas em beiras de cal\u00e7adas<br>T\u00e9cnica \/ <em>technique<\/em>: l\u00e1pis de cor sobre papel<br>Dimens\u00f5es \/ <em>dimensions:<\/em> 5 x 5 cm<br>Ano \/ <em>year:<\/em> 2023<br>Pa\u00eds \/ <em>country:<\/em> BRASIL<\/figcaption><\/figure>\n\n\n\n<figure class=\"wp-block-image size-large\"><img decoding=\"async\" loading=\"lazy\" width=\"1024\" height=\"1024\" data-id=\"3042\"  src=\"https:\/\/ttt.gm360.com.br\/wp-content\/uploads\/2025\/10\/arrp-384-1024x1024.jpg\" alt=\"\" class=\"wp-image-3042\" srcset=\"https:\/\/ttt.gm360.com.br\/wp-content\/uploads\/2025\/10\/arrp-384-1024x1024.jpg 1024w, https:\/\/ttt.gm360.com.br\/wp-content\/uploads\/2025\/10\/arrp-384-300x300.jpg 300w, https:\/\/ttt.gm360.com.br\/wp-content\/uploads\/2025\/10\/arrp-384-150x150.jpg 150w, https:\/\/ttt.gm360.com.br\/wp-content\/uploads\/2025\/10\/arrp-384-768x768.jpg 768w, https:\/\/ttt.gm360.com.br\/wp-content\/uploads\/2025\/10\/arrp-384.jpg 1100w\" sizes=\"(max-width: 1024px) 100vw, 1024px\" \/><figcaption class=\"wp-element-caption\"><strong>NR 384-A\u00a0<\/strong><br>Artista \/ <em>artist<\/em>:<strong> JO\u00c3O FERREIRA<\/strong><br>T\u00edtulo \/ <em>title<\/em>: Sedimento #31<br>T\u00e9cnica \/ <em>technique<\/em>: \u00f3leo sobre rocha sobre papel<br>Dimens\u00f5es \/ <em>dimensions:<\/em> 5 x 5 cm<br>Ano \/ <em>year:<\/em> 2023<br>Pa\u00eds \/ <em>country:<\/em> BRASIL<\/figcaption><\/figure>\n\n\n\n<figure class=\"wp-block-image size-large\"><img decoding=\"async\" loading=\"lazy\" width=\"1024\" height=\"1024\" data-id=\"3045\"  src=\"https:\/\/ttt.gm360.com.br\/wp-content\/uploads\/2025\/10\/arrp-385-1024x1024.jpg\" alt=\"\" class=\"wp-image-3045\" srcset=\"https:\/\/ttt.gm360.com.br\/wp-content\/uploads\/2025\/10\/arrp-385-1024x1024.jpg 1024w, https:\/\/ttt.gm360.com.br\/wp-content\/uploads\/2025\/10\/arrp-385-300x300.jpg 300w, https:\/\/ttt.gm360.com.br\/wp-content\/uploads\/2025\/10\/arrp-385-150x150.jpg 150w, https:\/\/ttt.gm360.com.br\/wp-content\/uploads\/2025\/10\/arrp-385-768x768.jpg 768w, https:\/\/ttt.gm360.com.br\/wp-content\/uploads\/2025\/10\/arrp-385.jpg 1100w\" sizes=\"(max-width: 1024px) 100vw, 1024px\" \/><figcaption class=\"wp-element-caption\"><strong>NR 385-A\u00a0<\/strong><br>Artista \/ <em>artist<\/em>:<strong> JULIA SCHETTINI<\/strong><br>T\u00edtulo \/ <em>title<\/em>: Identifica\u00e7\u00e3o<br>T\u00e9cnica \/ <em>technique<\/em>: pingente canino com grava\u00e7\u00e3o<br>Dimens\u00f5es \/ <em>dimensions:<\/em> 3 x 2,5 cm<br>Ano \/ <em>year:<\/em> 2023<br>Pa\u00eds \/ <em>country:<\/em> BRASIL<\/figcaption><\/figure>\n<\/figure>\n","protected":false},"excerpt":{"rendered":"","protected":false},"author":1,"featured_media":0,"comment_status":"open","ping_status":"open","sticky":false,"template":"elementor_canvas","format":"standard","meta":[],"categories":[1],"tags":[],"_links":{"self":[{"href":"https:\/\/ttt.gm360.com.br\/index.php\/wp-json\/wp\/v2\/posts\/2587"}],"collection":[{"href":"https:\/\/ttt.gm360.com.br\/index.php\/wp-json\/wp\/v2\/posts"}],"about":[{"href":"https:\/\/ttt.gm360.com.br\/index.php\/wp-json\/wp\/v2\/types\/post"}],"author":[{"embeddable":true,"href":"https:\/\/ttt.gm360.com.br\/index.php\/wp-json\/wp\/v2\/users\/1"}],"replies":[{"embeddable":true,"href":"https:\/\/ttt.gm360.com.br\/index.php\/wp-json\/wp\/v2\/comments?post=2587"}],"version-history":[{"count":4,"href":"https:\/\/ttt.gm360.com.br\/index.php\/wp-json\/wp\/v2\/posts\/2587\/revisions"}],"predecessor-version":[{"id":3075,"href":"https:\/\/ttt.gm360.com.br\/index.php\/wp-json\/wp\/v2\/posts\/2587\/revisions\/3075"}],"wp:attachment":[{"href":"https:\/\/ttt.gm360.com.br\/index.php\/wp-json\/wp\/v2\/media?parent=2587"}],"wp:term":[{"taxonomy":"category","embeddable":true,"href":"https:\/\/ttt.gm360.com.br\/index.php\/wp-json\/wp\/v2\/categories?post=2587"},{"taxonomy":"post_tag","embeddable":true,"href":"https:\/\/ttt.gm360.com.br\/index.php\/wp-json\/wp\/v2\/tags?post=2587"}],"curies":[{"name":"wp","href":"https:\/\/api.w.org\/{rel}","templated":true}]}}