{"id":2589,"date":"2025-09-30T13:40:21","date_gmt":"2025-09-30T16:40:21","guid":{"rendered":"https:\/\/ttt.gm360.com.br\/?p=2589"},"modified":"2025-11-03T19:29:35","modified_gmt":"2025-11-03T22:29:35","slug":"16-2","status":"publish","type":"post","link":"https:\/\/ttt.gm360.com.br\/index.php\/2025\/09\/30\/16-2\/","title":{"rendered":"16"},"content":{"rendered":"\n<figure class=\"wp-block-gallery has-nested-images columns-1 is-cropped wp-block-gallery-1 is-layout-flex\">\n<figure class=\"wp-block-image size-large\"><img decoding=\"async\" loading=\"lazy\" width=\"967\" height=\"967\" data-id=\"3114\"  src=\"https:\/\/ttt.gm360.com.br\/wp-content\/uploads\/2025\/09\/9BE6758B-1607-4306-B942-2702C8969F0E.jpg\" alt=\"\" class=\"wp-image-3114\" srcset=\"https:\/\/ttt.gm360.com.br\/wp-content\/uploads\/2025\/09\/9BE6758B-1607-4306-B942-2702C8969F0E.jpg 967w, https:\/\/ttt.gm360.com.br\/wp-content\/uploads\/2025\/09\/9BE6758B-1607-4306-B942-2702C8969F0E-300x300.jpg 300w, https:\/\/ttt.gm360.com.br\/wp-content\/uploads\/2025\/09\/9BE6758B-1607-4306-B942-2702C8969F0E-150x150.jpg 150w, https:\/\/ttt.gm360.com.br\/wp-content\/uploads\/2025\/09\/9BE6758B-1607-4306-B942-2702C8969F0E-768x768.jpg 768w\" sizes=\"(max-width: 967px) 100vw, 967px\" \/><figcaption class=\"wp-element-caption\">Artista \/ <em>artist<\/em>: MICHELLE ROSSET<br>T\u00edtulo \/ <em>title<\/em>: P1<br>T\u00e9cnica \/ <em>technique<\/em>: Madeira Jatob\u00e1<br>Dimens\u00f5es \/ <em>dimensions<\/em>: 20 x 20 x 15 cm<br>Ano \/ <em>year:<\/em> 2022<\/figcaption><\/figure>\n\n\n\n<figure class=\"wp-block-image size-large\"><img decoding=\"async\" loading=\"lazy\" width=\"1024\" height=\"1024\" data-id=\"3107\"  src=\"https:\/\/ttt.gm360.com.br\/wp-content\/uploads\/2025\/09\/IMG_2593-1024x1024.jpg\" alt=\"\" class=\"wp-image-3107\" srcset=\"https:\/\/ttt.gm360.com.br\/wp-content\/uploads\/2025\/09\/IMG_2593-1024x1024.jpg 1024w, https:\/\/ttt.gm360.com.br\/wp-content\/uploads\/2025\/09\/IMG_2593-300x300.jpg 300w, https:\/\/ttt.gm360.com.br\/wp-content\/uploads\/2025\/09\/IMG_2593-150x150.jpg 150w, https:\/\/ttt.gm360.com.br\/wp-content\/uploads\/2025\/09\/IMG_2593-768x768.jpg 768w, https:\/\/ttt.gm360.com.br\/wp-content\/uploads\/2025\/09\/IMG_2593.jpg 1300w\" sizes=\"(max-width: 1024px) 100vw, 1024px\" \/><figcaption class=\"wp-element-caption\"><strong>NR 386-A&nbsp;<\/strong><br>Artista \/ <em>artist<\/em>:<strong> CYNTHIA LOEB<\/strong><br>T\u00edtulo \/ <em>title<\/em>: Cordeira<br>T\u00e9cnica \/ <em>technique<\/em>: escultura de boneco com cabe\u00e7a de carneiro<br>Dimens\u00f5es \/ <em>dimensions:<\/em> 4 x 3 x 5 cm<br>Ano \/ <em>year:<\/em> 2023<br>Pa\u00eds \/ <em>country:<\/em> BRASIL<\/figcaption><\/figure>\n\n\n\n<figure class=\"wp-block-image size-large\"><img decoding=\"async\" loading=\"lazy\" width=\"1024\" height=\"1024\" data-id=\"3105\"  src=\"https:\/\/ttt.gm360.com.br\/wp-content\/uploads\/2025\/09\/IMG_2601-1024x1024.jpg\" alt=\"\" class=\"wp-image-3105\" srcset=\"https:\/\/ttt.gm360.com.br\/wp-content\/uploads\/2025\/09\/IMG_2601-1024x1024.jpg 1024w, https:\/\/ttt.gm360.com.br\/wp-content\/uploads\/2025\/09\/IMG_2601-300x300.jpg 300w, https:\/\/ttt.gm360.com.br\/wp-content\/uploads\/2025\/09\/IMG_2601-150x150.jpg 150w, https:\/\/ttt.gm360.com.br\/wp-content\/uploads\/2025\/09\/IMG_2601-768x768.jpg 768w, https:\/\/ttt.gm360.com.br\/wp-content\/uploads\/2025\/09\/IMG_2601.jpg 1300w\" sizes=\"(max-width: 1024px) 100vw, 1024px\" \/><figcaption class=\"wp-element-caption\"><strong>NR 387-A&nbsp;<\/strong><br>Artista \/ <em>artist<\/em>:<strong> ANNE COURTOIS<\/strong><br>T\u00edtulo \/ <em>title<\/em>: Pois temos&#8230;<br>T\u00e9cnica \/ <em>technique<\/em>: miniatura do com\u00e9rcio e pedrisco<br>Dimens\u00f5es \/ <em>dimensions:<\/em> 5 x 2 x 3 cm<br>Ano \/ <em>year:<\/em> 2023<br>Pa\u00eds \/ <em>country:<\/em> FRAN\u00c7A<\/figcaption><\/figure>\n\n\n\n<figure class=\"wp-block-image size-large\"><img decoding=\"async\" loading=\"lazy\" width=\"1024\" height=\"1024\" data-id=\"3029\"  src=\"https:\/\/ttt.gm360.com.br\/wp-content\/uploads\/2025\/10\/arrp-390-1024x1024.jpg\" alt=\"\" class=\"wp-image-3029\" srcset=\"https:\/\/ttt.gm360.com.br\/wp-content\/uploads\/2025\/10\/arrp-390-1024x1024.jpg 1024w, https:\/\/ttt.gm360.com.br\/wp-content\/uploads\/2025\/10\/arrp-390-300x300.jpg 300w, https:\/\/ttt.gm360.com.br\/wp-content\/uploads\/2025\/10\/arrp-390-150x150.jpg 150w, https:\/\/ttt.gm360.com.br\/wp-content\/uploads\/2025\/10\/arrp-390-768x768.jpg 768w, https:\/\/ttt.gm360.com.br\/wp-content\/uploads\/2025\/10\/arrp-390.jpg 1100w\" sizes=\"(max-width: 1024px) 100vw, 1024px\" \/><figcaption class=\"wp-element-caption\"><strong>NR 390-A&nbsp;<\/strong><br>Artista \/ <em>artist<\/em>:<strong> MARIANA MELONI<\/strong><br>T\u00edtulo \/ <em>title<\/em>: Caixa C\u00f3smica (M51 ST-SE)<br>T\u00e9cnica \/ <em>technique<\/em>: objeto<br>Dimens\u00f5es \/ <em>dimensions:<\/em> 4 x 4 x 2,3 cm<br>Ano \/ <em>year:<\/em> 2023<br>Pa\u00eds \/ <em>country:<\/em> BRASIL<\/figcaption><\/figure>\n\n\n\n<figure class=\"wp-block-image size-large\"><img decoding=\"async\" loading=\"lazy\" width=\"1024\" height=\"1024\" data-id=\"3033\"  src=\"https:\/\/ttt.gm360.com.br\/wp-content\/uploads\/2025\/10\/arrp-391-1024x1024.jpg\" alt=\"\" class=\"wp-image-3033\" srcset=\"https:\/\/ttt.gm360.com.br\/wp-content\/uploads\/2025\/10\/arrp-391-1024x1024.jpg 1024w, https:\/\/ttt.gm360.com.br\/wp-content\/uploads\/2025\/10\/arrp-391-300x300.jpg 300w, https:\/\/ttt.gm360.com.br\/wp-content\/uploads\/2025\/10\/arrp-391-150x150.jpg 150w, https:\/\/ttt.gm360.com.br\/wp-content\/uploads\/2025\/10\/arrp-391-768x768.jpg 768w, https:\/\/ttt.gm360.com.br\/wp-content\/uploads\/2025\/10\/arrp-391.jpg 1100w\" sizes=\"(max-width: 1024px) 100vw, 1024px\" \/><figcaption class=\"wp-element-caption\"><strong>NR 391-A&nbsp;<\/strong><br>Artista \/ <em>artist<\/em>:<strong> PEDRO LUIS<\/strong><br>T\u00edtulo \/ <em>title<\/em>: Entrada e sa\u00edda<br>T\u00e9cnica \/ <em>technique<\/em>: linha de algod\u00e3o sobre papel fotogr\u00e1fico e espelho<br>Dimens\u00f5es \/ <em>dimensions:<\/em> 5 x 5 x 5 cm<br>Ano \/ <em>year:<\/em> 2023<br>Pa\u00eds \/ <em>country:<\/em> BRASIL<\/figcaption><\/figure>\n\n\n\n<figure class=\"wp-block-image size-large\"><img decoding=\"async\" loading=\"lazy\" width=\"1024\" height=\"1024\" data-id=\"3032\"  src=\"https:\/\/ttt.gm360.com.br\/wp-content\/uploads\/2025\/10\/arrp-392-1024x1024.jpg\" alt=\"\" class=\"wp-image-3032\" srcset=\"https:\/\/ttt.gm360.com.br\/wp-content\/uploads\/2025\/10\/arrp-392-1024x1024.jpg 1024w, https:\/\/ttt.gm360.com.br\/wp-content\/uploads\/2025\/10\/arrp-392-300x300.jpg 300w, https:\/\/ttt.gm360.com.br\/wp-content\/uploads\/2025\/10\/arrp-392-150x150.jpg 150w, https:\/\/ttt.gm360.com.br\/wp-content\/uploads\/2025\/10\/arrp-392-768x768.jpg 768w, https:\/\/ttt.gm360.com.br\/wp-content\/uploads\/2025\/10\/arrp-392.jpg 1100w\" sizes=\"(max-width: 1024px) 100vw, 1024px\" \/><figcaption class=\"wp-element-caption\"><strong>NR 392-A&nbsp;<\/strong><br>Artista \/ <em>artist<\/em>:<strong> TERESA BERLINCK<\/strong><br>T\u00edtulo \/ <em>title<\/em>: Mini V\u00eanus<br>T\u00e9cnica \/ <em>technique<\/em>: cera de abelha, \u00e2mbar, p\u00e9rolas, lat\u00e3o, folha dourada, linha dourada e concha do mar<br>Dimens\u00f5es \/ <em>dimensions:<\/em> 5 x 4,3 x 2,5 cm<br>Ano \/ <em>year:<\/em> 2023<br>Pa\u00eds \/ <em>country:<\/em> BRASIL<\/figcaption><\/figure>\n\n\n\n<figure class=\"wp-block-image size-large\"><img decoding=\"async\" loading=\"lazy\" width=\"1024\" height=\"1024\" data-id=\"3031\"  src=\"https:\/\/ttt.gm360.com.br\/wp-content\/uploads\/2025\/10\/arrp-393-1024x1024.jpg\" alt=\"\" class=\"wp-image-3031\" srcset=\"https:\/\/ttt.gm360.com.br\/wp-content\/uploads\/2025\/10\/arrp-393-1024x1024.jpg 1024w, https:\/\/ttt.gm360.com.br\/wp-content\/uploads\/2025\/10\/arrp-393-300x300.jpg 300w, https:\/\/ttt.gm360.com.br\/wp-content\/uploads\/2025\/10\/arrp-393-150x150.jpg 150w, https:\/\/ttt.gm360.com.br\/wp-content\/uploads\/2025\/10\/arrp-393-768x768.jpg 768w, https:\/\/ttt.gm360.com.br\/wp-content\/uploads\/2025\/10\/arrp-393.jpg 1100w\" sizes=\"(max-width: 1024px) 100vw, 1024px\" \/><figcaption class=\"wp-element-caption\"><strong>NR 393-A&nbsp;<\/strong><br>Artista \/ <em>artist<\/em>:<strong> KAREN DOLOREZ<\/strong><br>T\u00edtulo \/ <em>title<\/em>: Sem t\u00edtulo<br>T\u00e9cnica \/ <em>technique<\/em>: restos de fios emaranhados e caixa de arame<br>Dimens\u00f5es \/ <em>dimensions:<\/em> cm 5 x 5 cm<br>Ano \/ <em>year:<\/em> 2023<br>Pa\u00eds \/ <em>country:<\/em> BRASIL<\/figcaption><\/figure>\n\n\n\n<figure class=\"wp-block-image size-large\"><img decoding=\"async\" loading=\"lazy\" width=\"1024\" height=\"1024\" data-id=\"3030\"  src=\"https:\/\/ttt.gm360.com.br\/wp-content\/uploads\/2025\/10\/arrp-396-1024x1024.jpg\" alt=\"\" class=\"wp-image-3030\" srcset=\"https:\/\/ttt.gm360.com.br\/wp-content\/uploads\/2025\/10\/arrp-396-1024x1024.jpg 1024w, https:\/\/ttt.gm360.com.br\/wp-content\/uploads\/2025\/10\/arrp-396-300x300.jpg 300w, https:\/\/ttt.gm360.com.br\/wp-content\/uploads\/2025\/10\/arrp-396-150x150.jpg 150w, https:\/\/ttt.gm360.com.br\/wp-content\/uploads\/2025\/10\/arrp-396-768x768.jpg 768w, https:\/\/ttt.gm360.com.br\/wp-content\/uploads\/2025\/10\/arrp-396.jpg 1100w\" sizes=\"(max-width: 1024px) 100vw, 1024px\" \/><figcaption class=\"wp-element-caption\"><strong>NR 396-A&nbsp;<\/strong><br>Artista \/ <em>artist<\/em>:<strong> SUSANA GOIENETXE<\/strong><br>T\u00edtulo \/ <em>title<\/em>: \u201cNo Obscuro, espa\u00e7o m\u00ednimo\u201d<br>T\u00e9cnica \/ <em>technique<\/em>: Desenho em nanquim e caneta sobre foam board preto<br>Dimens\u00f5es \/ <em>dimensions:<\/em> 5 x 5 x 5 cm<br>Ano \/ <em>year:<\/em> 2023<br>Pa\u00eds \/ <em>country:<\/em> BRASIL<\/figcaption><\/figure>\n\n\n\n<figure class=\"wp-block-image size-large\"><img decoding=\"async\" loading=\"lazy\" width=\"1024\" height=\"1024\" data-id=\"3028\"  src=\"https:\/\/ttt.gm360.com.br\/wp-content\/uploads\/2025\/10\/arrp-400-1024x1024.jpg\" alt=\"\" class=\"wp-image-3028\" srcset=\"https:\/\/ttt.gm360.com.br\/wp-content\/uploads\/2025\/10\/arrp-400-1024x1024.jpg 1024w, https:\/\/ttt.gm360.com.br\/wp-content\/uploads\/2025\/10\/arrp-400-300x300.jpg 300w, https:\/\/ttt.gm360.com.br\/wp-content\/uploads\/2025\/10\/arrp-400-150x150.jpg 150w, https:\/\/ttt.gm360.com.br\/wp-content\/uploads\/2025\/10\/arrp-400-768x768.jpg 768w, https:\/\/ttt.gm360.com.br\/wp-content\/uploads\/2025\/10\/arrp-400.jpg 1100w\" sizes=\"(max-width: 1024px) 100vw, 1024px\" \/><figcaption class=\"wp-element-caption\"><strong>NR 400-A&nbsp;<\/strong><br>Artista \/ <em>artist<\/em>:<strong> CESAR TRINCA<\/strong><br>T\u00edtulo \/ <em>title<\/em>: Kaiser Ring<br>T\u00e9cnica \/ <em>technique<\/em>: mista<br>Dimens\u00f5es \/ <em>dimensions:<\/em> 5 x 5 x 5 cm<br>Ano \/ <em>year:<\/em> 2017<br>Pa\u00eds \/ <em>country:<\/em> ARGENTINA<\/figcaption><\/figure>\n<\/figure>\n","protected":false},"excerpt":{"rendered":"","protected":false},"author":1,"featured_media":0,"comment_status":"open","ping_status":"open","sticky":false,"template":"elementor_canvas","format":"standard","meta":[],"categories":[1],"tags":[],"_links":{"self":[{"href":"https:\/\/ttt.gm360.com.br\/index.php\/wp-json\/wp\/v2\/posts\/2589"}],"collection":[{"href":"https:\/\/ttt.gm360.com.br\/index.php\/wp-json\/wp\/v2\/posts"}],"about":[{"href":"https:\/\/ttt.gm360.com.br\/index.php\/wp-json\/wp\/v2\/types\/post"}],"author":[{"embeddable":true,"href":"https:\/\/ttt.gm360.com.br\/index.php\/wp-json\/wp\/v2\/users\/1"}],"replies":[{"embeddable":true,"href":"https:\/\/ttt.gm360.com.br\/index.php\/wp-json\/wp\/v2\/comments?post=2589"}],"version-history":[{"count":5,"href":"https:\/\/ttt.gm360.com.br\/index.php\/wp-json\/wp\/v2\/posts\/2589\/revisions"}],"predecessor-version":[{"id":3119,"href":"https:\/\/ttt.gm360.com.br\/index.php\/wp-json\/wp\/v2\/posts\/2589\/revisions\/3119"}],"wp:attachment":[{"href":"https:\/\/ttt.gm360.com.br\/index.php\/wp-json\/wp\/v2\/media?parent=2589"}],"wp:term":[{"taxonomy":"category","embeddable":true,"href":"https:\/\/ttt.gm360.com.br\/index.php\/wp-json\/wp\/v2\/categories?post=2589"},{"taxonomy":"post_tag","embeddable":true,"href":"https:\/\/ttt.gm360.com.br\/index.php\/wp-json\/wp\/v2\/tags?post=2589"}],"curies":[{"name":"wp","href":"https:\/\/api.w.org\/{rel}","templated":true}]}}