{"id":2605,"date":"2025-09-30T13:53:40","date_gmt":"2025-09-30T16:53:40","guid":{"rendered":"https:\/\/ttt.gm360.com.br\/?p=2605"},"modified":"2025-11-03T19:17:23","modified_gmt":"2025-11-03T22:17:23","slug":"23-2","status":"publish","type":"post","link":"https:\/\/ttt.gm360.com.br\/index.php\/2025\/09\/30\/23-2\/","title":{"rendered":"23"},"content":{"rendered":"\n<figure class=\"wp-block-gallery has-nested-images columns-1 is-cropped wp-block-gallery-1 is-layout-flex\">\n<figure class=\"wp-block-image size-large\"><img decoding=\"async\" loading=\"lazy\" width=\"1024\" height=\"1024\" data-id=\"2901\"  src=\"https:\/\/ttt.gm360.com.br\/wp-content\/uploads\/2025\/10\/arrp-302-1024x1024.jpg\" alt=\"\" class=\"wp-image-2901\" srcset=\"https:\/\/ttt.gm360.com.br\/wp-content\/uploads\/2025\/10\/arrp-302-1024x1024.jpg 1024w, https:\/\/ttt.gm360.com.br\/wp-content\/uploads\/2025\/10\/arrp-302-300x300.jpg 300w, https:\/\/ttt.gm360.com.br\/wp-content\/uploads\/2025\/10\/arrp-302-150x150.jpg 150w, https:\/\/ttt.gm360.com.br\/wp-content\/uploads\/2025\/10\/arrp-302-768x768.jpg 768w, https:\/\/ttt.gm360.com.br\/wp-content\/uploads\/2025\/10\/arrp-302.jpg 1100w\" sizes=\"(max-width: 1024px) 100vw, 1024px\" \/><figcaption class=\"wp-element-caption\"><strong>NR 0302-A<\/strong><br>Artista \/ <em>artist<\/em>:<strong> GENIVALDO AMORIM<\/strong><br>T\u00edtulo \/ <em>title<\/em>:Exoesqueleto 1<br>T\u00e9cnica \/ <em>technique<\/em>: tinta serigr\u00e1fica sobre tecido, espuma e metal<br>Dimens\u00f5es \/ <em>dimensions:<\/em> 5 x 5 x 5 cm<br>Ano \/ <em>year:<\/em> 2022<br>Pa\u00eds \/ <em>country:<\/em> BRASIL<\/figcaption><\/figure>\n\n\n\n<figure class=\"wp-block-image size-large\"><img decoding=\"async\" loading=\"lazy\" width=\"1024\" height=\"1024\" data-id=\"2904\"  src=\"https:\/\/ttt.gm360.com.br\/wp-content\/uploads\/2025\/10\/arrp-303-1024x1024.jpg\" alt=\"\" class=\"wp-image-2904\" srcset=\"https:\/\/ttt.gm360.com.br\/wp-content\/uploads\/2025\/10\/arrp-303-1024x1024.jpg 1024w, https:\/\/ttt.gm360.com.br\/wp-content\/uploads\/2025\/10\/arrp-303-300x300.jpg 300w, https:\/\/ttt.gm360.com.br\/wp-content\/uploads\/2025\/10\/arrp-303-150x150.jpg 150w, https:\/\/ttt.gm360.com.br\/wp-content\/uploads\/2025\/10\/arrp-303-768x768.jpg 768w, https:\/\/ttt.gm360.com.br\/wp-content\/uploads\/2025\/10\/arrp-303.jpg 1100w\" sizes=\"(max-width: 1024px) 100vw, 1024px\" \/><figcaption class=\"wp-element-caption\">Artista \/ <em>artist<\/em>:<strong> CAROL AMBROSIO<\/strong><br>T\u00edtulo \/ <em>title<\/em>:Equilibrio<br>T\u00e9cnica \/ <em>technique<\/em>: colagem \u2013 mini casti\u00e7al em porcelana, coelho, porcelana japonesa, mini bandeja, c\u00e1lice em bronze e sapato de porcelana holandesa<br>Dimens\u00f5es \/ <em>dimensions:<\/em> 5 x 4,5 x 5 cm<br>Ano \/ <em>year:<\/em> 2022<br>Pa\u00eds \/ <em>country:<\/em> BRASIL<\/figcaption><\/figure>\n\n\n\n<figure class=\"wp-block-image size-large\"><img decoding=\"async\" loading=\"lazy\" width=\"1024\" height=\"1024\" data-id=\"2903\"  src=\"https:\/\/ttt.gm360.com.br\/wp-content\/uploads\/2025\/10\/arrp-304-1024x1024.jpg\" alt=\"\" class=\"wp-image-2903\" srcset=\"https:\/\/ttt.gm360.com.br\/wp-content\/uploads\/2025\/10\/arrp-304-1024x1024.jpg 1024w, https:\/\/ttt.gm360.com.br\/wp-content\/uploads\/2025\/10\/arrp-304-300x300.jpg 300w, https:\/\/ttt.gm360.com.br\/wp-content\/uploads\/2025\/10\/arrp-304-150x150.jpg 150w, https:\/\/ttt.gm360.com.br\/wp-content\/uploads\/2025\/10\/arrp-304-768x768.jpg 768w, https:\/\/ttt.gm360.com.br\/wp-content\/uploads\/2025\/10\/arrp-304.jpg 1100w\" sizes=\"(max-width: 1024px) 100vw, 1024px\" \/><figcaption class=\"wp-element-caption\"><strong>NR 0304-A<\/strong><br>Artista \/ <em>artist<\/em>:<strong> DANIEL MELLO<\/strong><br>T\u00edtulo \/ <em>title<\/em>:Constru\u00e7\u00e3o residual #l<br>T\u00e9cnica \/ <em>technique<\/em>: madeiras, fio el\u00e9trico e prego<br>Dimens\u00f5es \/ <em>dimensions:<\/em> 5 x 4 x 3,5 cm<br>Ano \/ <em>year:<\/em> 2022<br>Pa\u00eds \/ <em>country:<\/em> BRASIL<\/figcaption><\/figure>\n\n\n\n<figure class=\"wp-block-image size-large\"><img decoding=\"async\" loading=\"lazy\" width=\"1024\" height=\"1024\" data-id=\"2908\"  src=\"https:\/\/ttt.gm360.com.br\/wp-content\/uploads\/2025\/10\/arrp-311-1024x1024.jpg\" alt=\"\" class=\"wp-image-2908\" srcset=\"https:\/\/ttt.gm360.com.br\/wp-content\/uploads\/2025\/10\/arrp-311-1024x1024.jpg 1024w, https:\/\/ttt.gm360.com.br\/wp-content\/uploads\/2025\/10\/arrp-311-300x300.jpg 300w, https:\/\/ttt.gm360.com.br\/wp-content\/uploads\/2025\/10\/arrp-311-150x150.jpg 150w, https:\/\/ttt.gm360.com.br\/wp-content\/uploads\/2025\/10\/arrp-311-768x768.jpg 768w, https:\/\/ttt.gm360.com.br\/wp-content\/uploads\/2025\/10\/arrp-311.jpg 1100w\" sizes=\"(max-width: 1024px) 100vw, 1024px\" \/><figcaption class=\"wp-element-caption\"><strong>NR 0311-A<\/strong><br>Artista \/ <em>artist<\/em>:<strong> MARCOS ROSSETTON<\/strong><br>T\u00edtulo \/ <em>title<\/em>:Iscas #l<br>T\u00e9cnica \/ <em>technique<\/em>: bordados em lascas de manta de l\u00e1tex da Amaz\u00f4nia e anzol<br>Dimens\u00f5es \/ <em>dimensions:<\/em> 5 x 5 x 5 cm<br>Ano \/ <em>year:<\/em> 2022<br>Pa\u00eds \/ <em>country:<\/em> BRASIL<\/figcaption><\/figure>\n\n\n\n<figure class=\"wp-block-image size-large\"><img decoding=\"async\" loading=\"lazy\" width=\"1024\" height=\"1024\" data-id=\"3109\"  src=\"https:\/\/ttt.gm360.com.br\/wp-content\/uploads\/2025\/09\/IMG_2596-1024x1024.jpg\" alt=\"\" class=\"wp-image-3109\" srcset=\"https:\/\/ttt.gm360.com.br\/wp-content\/uploads\/2025\/09\/IMG_2596-1024x1024.jpg 1024w, https:\/\/ttt.gm360.com.br\/wp-content\/uploads\/2025\/09\/IMG_2596-300x300.jpg 300w, https:\/\/ttt.gm360.com.br\/wp-content\/uploads\/2025\/09\/IMG_2596-150x150.jpg 150w, https:\/\/ttt.gm360.com.br\/wp-content\/uploads\/2025\/09\/IMG_2596-768x768.jpg 768w, https:\/\/ttt.gm360.com.br\/wp-content\/uploads\/2025\/09\/IMG_2596.jpg 1200w\" sizes=\"(max-width: 1024px) 100vw, 1024px\" \/><figcaption class=\"wp-element-caption\"><strong>NR 0312-A<\/strong><br>Artista \/ <em>artist<\/em>:<strong> EDUARDO AMADO<\/strong><br>T\u00edtulo \/ <em>title<\/em>:Florestas Invis\u00edveis #33 1\/3<br>T\u00e9cnica \/ <em>technique<\/em>: montagem em acr\u00edlico e arame de a\u00e7o inox<br>Dimens\u00f5es \/ <em>dimensions:<\/em> 5 x 5 x 5 cm<br>Ano \/ <em>year:<\/em> 2022<br>Pa\u00eds \/ <em>country:<\/em> BRASIL<\/figcaption><\/figure>\n\n\n\n<figure class=\"wp-block-image size-large\"><img decoding=\"async\" loading=\"lazy\" width=\"1024\" height=\"1024\" data-id=\"2907\"  src=\"https:\/\/ttt.gm360.com.br\/wp-content\/uploads\/2025\/10\/arrp-313-1024x1024.jpg\" alt=\"\" class=\"wp-image-2907\" srcset=\"https:\/\/ttt.gm360.com.br\/wp-content\/uploads\/2025\/10\/arrp-313-1024x1024.jpg 1024w, https:\/\/ttt.gm360.com.br\/wp-content\/uploads\/2025\/10\/arrp-313-300x300.jpg 300w, https:\/\/ttt.gm360.com.br\/wp-content\/uploads\/2025\/10\/arrp-313-150x150.jpg 150w, https:\/\/ttt.gm360.com.br\/wp-content\/uploads\/2025\/10\/arrp-313-768x768.jpg 768w, https:\/\/ttt.gm360.com.br\/wp-content\/uploads\/2025\/10\/arrp-313.jpg 1100w\" sizes=\"(max-width: 1024px) 100vw, 1024px\" \/><figcaption class=\"wp-element-caption\"><strong>NR 0313-A<\/strong><br>Artista \/ <em>artist<\/em>:<strong> FL\u00c1VIO CRO<\/strong><br>T\u00edtulo \/ <em>title<\/em>:P\u00e3o nosso de cada dia<br>T\u00e9cnica \/ <em>technique<\/em>: caixa de madrep\u00e9rola com \u201cH\u00f3stia\u201d, moeda de R$ 1,00 embrulhada em papel vegetal e distribu\u00edda ap\u00f3s a entoa\u00e7\u00e3o da frase \u201cp\u00e3o nosso de cada dia\u201d, durante a realiza\u00e7\u00e3o de uma a\u00e7\u00e3o<br>Dimens\u00f5es \/ <em>dimensions:<\/em> 3,5 x 5 x 5 cm<br>Ano \/ <em>year:<\/em> 2022<br>Pa\u00eds \/ <em>country:<\/em> BRASIL<\/figcaption><\/figure>\n\n\n\n<figure class=\"wp-block-image size-large\"><img decoding=\"async\" loading=\"lazy\" width=\"1024\" height=\"1024\" data-id=\"2909\"  src=\"https:\/\/ttt.gm360.com.br\/wp-content\/uploads\/2025\/10\/arrp-321-1024x1024.jpg\" alt=\"\" class=\"wp-image-2909\" srcset=\"https:\/\/ttt.gm360.com.br\/wp-content\/uploads\/2025\/10\/arrp-321-1024x1024.jpg 1024w, https:\/\/ttt.gm360.com.br\/wp-content\/uploads\/2025\/10\/arrp-321-300x300.jpg 300w, https:\/\/ttt.gm360.com.br\/wp-content\/uploads\/2025\/10\/arrp-321-150x150.jpg 150w, https:\/\/ttt.gm360.com.br\/wp-content\/uploads\/2025\/10\/arrp-321-768x768.jpg 768w, https:\/\/ttt.gm360.com.br\/wp-content\/uploads\/2025\/10\/arrp-321.jpg 1100w\" sizes=\"(max-width: 1024px) 100vw, 1024px\" \/><figcaption class=\"wp-element-caption\"><strong>NR 0321-A<\/strong><br>Artista \/ <em>artist<\/em>:<strong> GIULIA FROZZA<\/strong><br>T\u00edtulo \/ <em>title<\/em>:Desenho ao cubo<br>T\u00e9cnica \/ <em>technique<\/em>: l\u00e1pis aquarela sobre papel Fabriano<br>Dimens\u00f5es \/ <em>dimensions:<\/em> 5 x 5 x 5 cm<br>Ano \/ <em>year:<\/em> 2022<br>Pa\u00eds \/ <em>country:<\/em> BRASIL<\/figcaption><\/figure>\n\n\n\n<figure class=\"wp-block-image size-large\"><img decoding=\"async\" loading=\"lazy\" width=\"1024\" height=\"1024\" data-id=\"2912\"  src=\"https:\/\/ttt.gm360.com.br\/wp-content\/uploads\/2025\/10\/arrp-326-1024x1024.jpg\" alt=\"\" class=\"wp-image-2912\" srcset=\"https:\/\/ttt.gm360.com.br\/wp-content\/uploads\/2025\/10\/arrp-326-1024x1024.jpg 1024w, https:\/\/ttt.gm360.com.br\/wp-content\/uploads\/2025\/10\/arrp-326-300x300.jpg 300w, https:\/\/ttt.gm360.com.br\/wp-content\/uploads\/2025\/10\/arrp-326-150x150.jpg 150w, https:\/\/ttt.gm360.com.br\/wp-content\/uploads\/2025\/10\/arrp-326-768x768.jpg 768w, https:\/\/ttt.gm360.com.br\/wp-content\/uploads\/2025\/10\/arrp-326.jpg 1100w\" sizes=\"(max-width: 1024px) 100vw, 1024px\" \/><figcaption class=\"wp-element-caption\"><strong>NR 0326-A<\/strong><br>Artista \/ <em>artist<\/em>:<strong> CLAUDIA N\u00caN<\/strong><br>T\u00edtulo \/ <em>title<\/em>:Montado<br>T\u00e9cnica \/ <em>technique<\/em>: cer\u00e2mica pintada<br>Dimens\u00f5es \/ <em>dimensions:<\/em> 4 x 4 x 1,5 cm<br>Ano \/ <em>year:<\/em> 2023<br>Pa\u00eds \/ <em>country:<\/em> BRASIL<\/figcaption><\/figure>\n\n\n\n<figure class=\"wp-block-image size-large\"><img decoding=\"async\" loading=\"lazy\" width=\"1024\" height=\"1024\" data-id=\"2915\"  src=\"https:\/\/ttt.gm360.com.br\/wp-content\/uploads\/2025\/10\/arrp-327-1024x1024.jpg\" alt=\"\" class=\"wp-image-2915\" srcset=\"https:\/\/ttt.gm360.com.br\/wp-content\/uploads\/2025\/10\/arrp-327-1024x1024.jpg 1024w, https:\/\/ttt.gm360.com.br\/wp-content\/uploads\/2025\/10\/arrp-327-300x300.jpg 300w, https:\/\/ttt.gm360.com.br\/wp-content\/uploads\/2025\/10\/arrp-327-150x150.jpg 150w, https:\/\/ttt.gm360.com.br\/wp-content\/uploads\/2025\/10\/arrp-327-768x768.jpg 768w, https:\/\/ttt.gm360.com.br\/wp-content\/uploads\/2025\/10\/arrp-327.jpg 1100w\" sizes=\"(max-width: 1024px) 100vw, 1024px\" \/><figcaption class=\"wp-element-caption\"><strong>NR 0327-A<\/strong><br>Artista \/ <em>artist<\/em>:<strong> FLAVIA VENTURA<\/strong><br>T\u00edtulo \/ <em>title<\/em>:Sem t\u00edtulo ( l )<br>T\u00e9cnica \/ <em>technique<\/em>: acr\u00edlica sobre porcelana fria<br>Dimens\u00f5es \/ <em>dimensions:<\/em> 3,8 x 4,5 x 4 cm<br>Ano \/ <em>year:<\/em> 2023<br>Pa\u00eds \/ <em>country:<\/em> BRASIL<\/figcaption><\/figure>\n\n\n\n<figure class=\"wp-block-image size-large\"><img decoding=\"async\" loading=\"lazy\" width=\"1024\" height=\"1024\" data-id=\"2920\"  src=\"https:\/\/ttt.gm360.com.br\/wp-content\/uploads\/2025\/10\/arrp-328-1024x1024.jpg\" alt=\"\" class=\"wp-image-2920\" srcset=\"https:\/\/ttt.gm360.com.br\/wp-content\/uploads\/2025\/10\/arrp-328-1024x1024.jpg 1024w, https:\/\/ttt.gm360.com.br\/wp-content\/uploads\/2025\/10\/arrp-328-300x300.jpg 300w, https:\/\/ttt.gm360.com.br\/wp-content\/uploads\/2025\/10\/arrp-328-150x150.jpg 150w, https:\/\/ttt.gm360.com.br\/wp-content\/uploads\/2025\/10\/arrp-328-768x768.jpg 768w, https:\/\/ttt.gm360.com.br\/wp-content\/uploads\/2025\/10\/arrp-328.jpg 1100w\" sizes=\"(max-width: 1024px) 100vw, 1024px\" \/><figcaption class=\"wp-element-caption\"><strong>NR 0328-A<\/strong><br>Artista \/ <em>artist<\/em>:<strong> MARI SPERANDIO<\/strong><br>T\u00edtulo \/ <em>title<\/em>:Muito mulherzinha (MS0260)<br>T\u00e9cnica \/ <em>technique<\/em>: maquiagem sobre len\u00e7o umedecido<br>Dimens\u00f5es \/ <em>dimensions:<\/em> 3,5 x 3,5 x 2,5 cm<br>Ano \/ <em>year:<\/em> 2023<br>Pa\u00eds \/ <em>country:<\/em> BRASIL<\/figcaption><\/figure>\n\n\n\n<figure class=\"wp-block-image size-large\"><img decoding=\"async\" loading=\"lazy\" width=\"1024\" height=\"1024\" data-id=\"2905\"  src=\"https:\/\/ttt.gm360.com.br\/wp-content\/uploads\/2025\/10\/arrp-329-1024x1024.jpg\" alt=\"\" class=\"wp-image-2905\" srcset=\"https:\/\/ttt.gm360.com.br\/wp-content\/uploads\/2025\/10\/arrp-329-1024x1024.jpg 1024w, https:\/\/ttt.gm360.com.br\/wp-content\/uploads\/2025\/10\/arrp-329-300x300.jpg 300w, https:\/\/ttt.gm360.com.br\/wp-content\/uploads\/2025\/10\/arrp-329-150x150.jpg 150w, https:\/\/ttt.gm360.com.br\/wp-content\/uploads\/2025\/10\/arrp-329-768x768.jpg 768w, https:\/\/ttt.gm360.com.br\/wp-content\/uploads\/2025\/10\/arrp-329.jpg 1100w\" sizes=\"(max-width: 1024px) 100vw, 1024px\" \/><figcaption class=\"wp-element-caption\"><strong>NR 0329-A<\/strong><br>Artista \/ <em>artist<\/em>:<strong> PEDRO LE\u00c3O<\/strong><br>T\u00edtulo \/ <em>title<\/em>:Traumatr\u00f3pio Klebold \u2013 Garotos s\u00e3o s\u00f3 Garotos<br>T\u00e9cnica \/ <em>technique<\/em>: transfer\u00eancia por solvente sobre papel reciclado e compactado<br>Dimens\u00f5es \/ <em>dimensions:<\/em> 3,5 de di\u00e2metro<br>Ano \/ <em>year:<\/em> 2023<br>Pa\u00eds \/ <em>country:<\/em> BRASIL<\/figcaption><\/figure>\n\n\n\n<figure class=\"wp-block-image size-large\"><img decoding=\"async\" loading=\"lazy\" width=\"1024\" height=\"1024\" data-id=\"2906\"  src=\"https:\/\/ttt.gm360.com.br\/wp-content\/uploads\/2025\/10\/arrp-331-1024x1024.jpg\" alt=\"\" class=\"wp-image-2906\" srcset=\"https:\/\/ttt.gm360.com.br\/wp-content\/uploads\/2025\/10\/arrp-331-1024x1024.jpg 1024w, https:\/\/ttt.gm360.com.br\/wp-content\/uploads\/2025\/10\/arrp-331-300x300.jpg 300w, https:\/\/ttt.gm360.com.br\/wp-content\/uploads\/2025\/10\/arrp-331-150x150.jpg 150w, https:\/\/ttt.gm360.com.br\/wp-content\/uploads\/2025\/10\/arrp-331-768x768.jpg 768w, https:\/\/ttt.gm360.com.br\/wp-content\/uploads\/2025\/10\/arrp-331.jpg 1100w\" sizes=\"(max-width: 1024px) 100vw, 1024px\" \/><figcaption class=\"wp-element-caption\"><strong>NR 0331-A<\/strong><br>Artista \/ <em>artist<\/em>:<strong> MARINA DE FALCO<\/strong><br>T\u00edtulo \/ <em>title<\/em>:TU e EU<br>T\u00e9cnica \/ <em>technique<\/em>: Objeto (manipup\u00e1vel)<br>Dimens\u00f5es \/ <em>dimensions:<\/em> 5 x 5 x 5 cm<br>Ano \/ <em>year:<\/em> 2022<br>Pa\u00eds \/ <em>country:<\/em> BRASIL<\/figcaption><\/figure>\n\n\n\n<figure class=\"wp-block-image size-large\"><img decoding=\"async\" loading=\"lazy\" width=\"1024\" height=\"1024\" data-id=\"2921\"  src=\"https:\/\/ttt.gm360.com.br\/wp-content\/uploads\/2025\/10\/arrp-333-1024x1024.jpg\" alt=\"\" class=\"wp-image-2921\" srcset=\"https:\/\/ttt.gm360.com.br\/wp-content\/uploads\/2025\/10\/arrp-333-1024x1024.jpg 1024w, https:\/\/ttt.gm360.com.br\/wp-content\/uploads\/2025\/10\/arrp-333-300x300.jpg 300w, https:\/\/ttt.gm360.com.br\/wp-content\/uploads\/2025\/10\/arrp-333-150x150.jpg 150w, https:\/\/ttt.gm360.com.br\/wp-content\/uploads\/2025\/10\/arrp-333-768x768.jpg 768w, https:\/\/ttt.gm360.com.br\/wp-content\/uploads\/2025\/10\/arrp-333.jpg 1100w\" sizes=\"(max-width: 1024px) 100vw, 1024px\" \/><figcaption class=\"wp-element-caption\"><strong>NR 0333-A<\/strong><br>Artista \/ <em>artist<\/em>:<strong> SANDRA CRIVELLARO<\/strong><br>T\u00edtulo \/ <em>title<\/em>:Fragmentos de outros olhares (l)<br>T\u00e9cnica \/ <em>technique<\/em>: colagem com pinturas em aquarela e guache sobre papel paran\u00e1<br>Dimens\u00f5es \/ <em>dimensions:<\/em> 5 x 5 cm<br>Ano \/ <em>year:<\/em> 2023<br>Pa\u00eds \/ <em>country:<\/em> BRASIL<\/figcaption><\/figure>\n\n\n\n<figure class=\"wp-block-image size-large\"><img decoding=\"async\" loading=\"lazy\" width=\"1024\" height=\"1024\" data-id=\"2918\"  src=\"https:\/\/ttt.gm360.com.br\/wp-content\/uploads\/2025\/10\/arrp-334-1024x1024.jpg\" alt=\"\" class=\"wp-image-2918\" srcset=\"https:\/\/ttt.gm360.com.br\/wp-content\/uploads\/2025\/10\/arrp-334-1024x1024.jpg 1024w, https:\/\/ttt.gm360.com.br\/wp-content\/uploads\/2025\/10\/arrp-334-300x300.jpg 300w, https:\/\/ttt.gm360.com.br\/wp-content\/uploads\/2025\/10\/arrp-334-150x150.jpg 150w, https:\/\/ttt.gm360.com.br\/wp-content\/uploads\/2025\/10\/arrp-334-768x768.jpg 768w, https:\/\/ttt.gm360.com.br\/wp-content\/uploads\/2025\/10\/arrp-334.jpg 1100w\" sizes=\"(max-width: 1024px) 100vw, 1024px\" \/><figcaption class=\"wp-element-caption\"><strong>NR 0334-A<\/strong><br>Artista \/ <em>artist<\/em>:<strong> FELIPE OLIVEIRA MELLO<\/strong><br>T\u00edtulo \/ <em>title<\/em>:Drugs Yayoi Kusama<br>T\u00e9cnica \/ <em>technique<\/em>: colagem de c\u00e1psulas com folha de ouro sobre papel fotogr\u00e1fico<br>Dimens\u00f5es \/ <em>dimensions:<\/em> 3 x 4 x 0,5 cm<br>Ano \/ <em>year:<\/em> 2023<br>Pa\u00eds \/ <em>country:<\/em> BRASIL<\/figcaption><\/figure>\n\n\n\n<figure class=\"wp-block-image size-large\"><img decoding=\"async\" loading=\"lazy\" width=\"1024\" height=\"1024\" data-id=\"2911\"  src=\"https:\/\/ttt.gm360.com.br\/wp-content\/uploads\/2025\/10\/arrp-335-1024x1024.jpg\" alt=\"\" class=\"wp-image-2911\" srcset=\"https:\/\/ttt.gm360.com.br\/wp-content\/uploads\/2025\/10\/arrp-335-1024x1024.jpg 1024w, https:\/\/ttt.gm360.com.br\/wp-content\/uploads\/2025\/10\/arrp-335-300x300.jpg 300w, https:\/\/ttt.gm360.com.br\/wp-content\/uploads\/2025\/10\/arrp-335-150x150.jpg 150w, https:\/\/ttt.gm360.com.br\/wp-content\/uploads\/2025\/10\/arrp-335-768x768.jpg 768w, https:\/\/ttt.gm360.com.br\/wp-content\/uploads\/2025\/10\/arrp-335.jpg 1100w\" sizes=\"(max-width: 1024px) 100vw, 1024px\" \/><figcaption class=\"wp-element-caption\"><strong>NR 0335-A<\/strong><br>Artista \/ <em>artist<\/em>:<strong> ERIC FRIZZO<\/strong><br>T\u00edtulo \/ <em>title<\/em>:Sem T\u00edtulo<br>T\u00e9cnica \/ <em>technique<\/em>: pintura a \u00f3leo sobre tampa pl\u00e1stica<br>Dimens\u00f5es \/ <em>dimensions:<\/em> 5 x 5 cm<br>Ano \/ <em>year:<\/em> 2023<br>Pa\u00eds \/ <em>country:<\/em> BRASIL<\/figcaption><\/figure>\n\n\n\n<figure class=\"wp-block-image size-large\"><img decoding=\"async\" loading=\"lazy\" width=\"1024\" height=\"1024\" data-id=\"2913\"  src=\"https:\/\/ttt.gm360.com.br\/wp-content\/uploads\/2025\/10\/arrp-337-1024x1024.jpg\" alt=\"\" class=\"wp-image-2913\" srcset=\"https:\/\/ttt.gm360.com.br\/wp-content\/uploads\/2025\/10\/arrp-337-1024x1024.jpg 1024w, https:\/\/ttt.gm360.com.br\/wp-content\/uploads\/2025\/10\/arrp-337-300x300.jpg 300w, https:\/\/ttt.gm360.com.br\/wp-content\/uploads\/2025\/10\/arrp-337-150x150.jpg 150w, https:\/\/ttt.gm360.com.br\/wp-content\/uploads\/2025\/10\/arrp-337-768x768.jpg 768w, https:\/\/ttt.gm360.com.br\/wp-content\/uploads\/2025\/10\/arrp-337.jpg 1100w\" sizes=\"(max-width: 1024px) 100vw, 1024px\" \/><figcaption class=\"wp-element-caption\"><strong>NR 0337-A<\/strong><br>Artista \/ <em>artist<\/em>:<strong> MARIANA ZOCCOLI<\/strong><br>T\u00edtulo \/ <em>title<\/em>:(in) Vulner\u00e1vel<br>T\u00e9cnica \/ <em>technique<\/em>: porcelana<br>Dimens\u00f5es \/ <em>dimensions:<\/em> 5 x 5 x 2 cm<br>Ano \/ <em>year:<\/em> 2023<br>Pa\u00eds \/ <em>country:<\/em> BRASIL<\/figcaption><\/figure>\n\n\n\n<figure class=\"wp-block-image size-large\"><img decoding=\"async\" loading=\"lazy\" width=\"1024\" height=\"1024\" data-id=\"2924\"  src=\"https:\/\/ttt.gm360.com.br\/wp-content\/uploads\/2025\/10\/arrp-338-1024x1024.jpg\" alt=\"\" class=\"wp-image-2924\" srcset=\"https:\/\/ttt.gm360.com.br\/wp-content\/uploads\/2025\/10\/arrp-338-1024x1024.jpg 1024w, https:\/\/ttt.gm360.com.br\/wp-content\/uploads\/2025\/10\/arrp-338-300x300.jpg 300w, https:\/\/ttt.gm360.com.br\/wp-content\/uploads\/2025\/10\/arrp-338-150x150.jpg 150w, https:\/\/ttt.gm360.com.br\/wp-content\/uploads\/2025\/10\/arrp-338-768x768.jpg 768w, https:\/\/ttt.gm360.com.br\/wp-content\/uploads\/2025\/10\/arrp-338.jpg 1100w\" sizes=\"(max-width: 1024px) 100vw, 1024px\" \/><figcaption class=\"wp-element-caption\"><strong>NR 0338-A<\/strong><br>Artista \/ <em>artist<\/em>:<strong> EDILSON VIRIATO<\/strong><br>T\u00edtulo \/ <em>title<\/em>:(in) Vulner\u00e1vel<br>T\u00e9cnica \/ <em>technique<\/em>: porcelana<br>Dimens\u00f5es \/ <em>dimensions:<\/em> 5 x 5 x 2 cm<br>Ano \/ <em>year:<\/em> 2023<br>Pa\u00eds \/ <em>country:<\/em> BRASIL<\/figcaption><\/figure>\n\n\n\n<figure class=\"wp-block-image size-large\"><img decoding=\"async\" loading=\"lazy\" width=\"1024\" height=\"1024\" data-id=\"2923\"  src=\"https:\/\/ttt.gm360.com.br\/wp-content\/uploads\/2025\/10\/arrp-339-1024x1024.jpg\" alt=\"\" class=\"wp-image-2923\" srcset=\"https:\/\/ttt.gm360.com.br\/wp-content\/uploads\/2025\/10\/arrp-339-1024x1024.jpg 1024w, https:\/\/ttt.gm360.com.br\/wp-content\/uploads\/2025\/10\/arrp-339-300x300.jpg 300w, https:\/\/ttt.gm360.com.br\/wp-content\/uploads\/2025\/10\/arrp-339-150x150.jpg 150w, https:\/\/ttt.gm360.com.br\/wp-content\/uploads\/2025\/10\/arrp-339-768x768.jpg 768w, https:\/\/ttt.gm360.com.br\/wp-content\/uploads\/2025\/10\/arrp-339.jpg 1100w\" sizes=\"(max-width: 1024px) 100vw, 1024px\" \/><figcaption class=\"wp-element-caption\"><strong>NR 0339-A<\/strong><br>Artista \/ <em>artist<\/em>:<strong> BEATRIZ LINDENBERG<\/strong><br>T\u00edtulo \/ <em>title<\/em>:Passagem<br>T\u00e9cnica \/ <em>technique<\/em>: litografia (carimbo do umbigo) sobre papel<br>Dimens\u00f5es \/ <em>dimensions:<\/em> 5 x 5 cm<br>Ano \/ <em>year:<\/em> 2023<br>Pa\u00eds \/ <em>country:<\/em> BRASIL<\/figcaption><\/figure>\n\n\n\n<figure class=\"wp-block-image size-large\"><img decoding=\"async\" loading=\"lazy\" width=\"1024\" height=\"1024\" data-id=\"2910\"  src=\"https:\/\/ttt.gm360.com.br\/wp-content\/uploads\/2025\/10\/arrp-355-1024x1024.jpg\" alt=\"\" class=\"wp-image-2910\" srcset=\"https:\/\/ttt.gm360.com.br\/wp-content\/uploads\/2025\/10\/arrp-355-1024x1024.jpg 1024w, https:\/\/ttt.gm360.com.br\/wp-content\/uploads\/2025\/10\/arrp-355-300x300.jpg 300w, https:\/\/ttt.gm360.com.br\/wp-content\/uploads\/2025\/10\/arrp-355-150x150.jpg 150w, https:\/\/ttt.gm360.com.br\/wp-content\/uploads\/2025\/10\/arrp-355-768x768.jpg 768w, https:\/\/ttt.gm360.com.br\/wp-content\/uploads\/2025\/10\/arrp-355.jpg 1100w\" sizes=\"(max-width: 1024px) 100vw, 1024px\" \/><figcaption class=\"wp-element-caption\"><strong>NR 0355-A&nbsp;<\/strong><br>Artista \/ <em>artist<\/em>:<strong> SHEILA OLIVEIRA<\/strong><br>T\u00edtulo \/ <em>title<\/em>: Gr\u00e3o lll<br>T\u00e9cnica \/ <em>technique<\/em>: colagem de materiais e papeis fotogr\u00e1ficos sobre acr\u00edlico<br>Dimens\u00f5es \/ <em>dimensions:<\/em> 5 x 5 x 5 cm<br>Ano \/ <em>year:<\/em> 2023<br>Pa\u00eds \/ <em>country:<\/em>&nbsp;&nbsp; BRASIL<\/figcaption><\/figure>\n\n\n\n<figure class=\"wp-block-image size-large\"><img decoding=\"async\" loading=\"lazy\" width=\"1024\" height=\"1024\" data-id=\"2914\"  src=\"https:\/\/ttt.gm360.com.br\/wp-content\/uploads\/2025\/10\/arrp-356-1024x1024.jpg\" alt=\"\" class=\"wp-image-2914\" srcset=\"https:\/\/ttt.gm360.com.br\/wp-content\/uploads\/2025\/10\/arrp-356-1024x1024.jpg 1024w, https:\/\/ttt.gm360.com.br\/wp-content\/uploads\/2025\/10\/arrp-356-300x300.jpg 300w, https:\/\/ttt.gm360.com.br\/wp-content\/uploads\/2025\/10\/arrp-356-150x150.jpg 150w, https:\/\/ttt.gm360.com.br\/wp-content\/uploads\/2025\/10\/arrp-356-768x768.jpg 768w, https:\/\/ttt.gm360.com.br\/wp-content\/uploads\/2025\/10\/arrp-356.jpg 1100w\" sizes=\"(max-width: 1024px) 100vw, 1024px\" \/><figcaption class=\"wp-element-caption\"><strong>NR 0356-A&nbsp;<\/strong><br>Artista \/ <em>artist<\/em>:<strong> M\u00c1RCIO KOZLOWSKI<\/strong><br>T\u00edtulo \/ <em>title<\/em>: Abra o seu cora\u00e7\u00e3o<br>T\u00e9cnica \/ <em>technique<\/em>: colagem de fio de a\u00e7o em papel cart\u00e3o<br>Dimens\u00f5es \/ <em>dimensions:<\/em> 5 x 5 cm<br>Ano \/ <em>year:<\/em> 2021<br>Pa\u00eds \/ <em>country:<\/em>&nbsp;&nbsp; BRASIL<\/figcaption><\/figure>\n\n\n\n<figure class=\"wp-block-image size-large\"><img decoding=\"async\" loading=\"lazy\" width=\"1024\" height=\"1024\" data-id=\"2919\"  src=\"https:\/\/ttt.gm360.com.br\/wp-content\/uploads\/2025\/10\/arrp-357-1024x1024.jpg\" alt=\"\" class=\"wp-image-2919\" srcset=\"https:\/\/ttt.gm360.com.br\/wp-content\/uploads\/2025\/10\/arrp-357-1024x1024.jpg 1024w, https:\/\/ttt.gm360.com.br\/wp-content\/uploads\/2025\/10\/arrp-357-300x300.jpg 300w, https:\/\/ttt.gm360.com.br\/wp-content\/uploads\/2025\/10\/arrp-357-150x150.jpg 150w, https:\/\/ttt.gm360.com.br\/wp-content\/uploads\/2025\/10\/arrp-357-768x768.jpg 768w, https:\/\/ttt.gm360.com.br\/wp-content\/uploads\/2025\/10\/arrp-357.jpg 1100w\" sizes=\"(max-width: 1024px) 100vw, 1024px\" \/><figcaption class=\"wp-element-caption\"><strong>NR 0357-A&nbsp;<\/strong><br>Artista \/ <em>artist<\/em>:<strong> LINA CRUVINEL<\/strong><br>T\u00edtulo \/ <em>title<\/em>: Pastilhas rosa<br>T\u00e9cnica \/ <em>technique<\/em>: enc\u00e1ustica e \u00f3leo sobre madeira<br>Dimens\u00f5es \/ <em>dimensions:<\/em> 5 x 5 cm<br>Ano \/ <em>year:<\/em> 2023<br>Pa\u00eds \/ <em>country:<\/em>&nbsp;&nbsp; BRASIL<\/figcaption><\/figure>\n\n\n\n<figure class=\"wp-block-image size-large\"><img decoding=\"async\" loading=\"lazy\" width=\"1024\" height=\"1024\" data-id=\"2922\"  src=\"https:\/\/ttt.gm360.com.br\/wp-content\/uploads\/2025\/10\/arrp-359-1024x1024.jpg\" alt=\"\" class=\"wp-image-2922\" srcset=\"https:\/\/ttt.gm360.com.br\/wp-content\/uploads\/2025\/10\/arrp-359-1024x1024.jpg 1024w, https:\/\/ttt.gm360.com.br\/wp-content\/uploads\/2025\/10\/arrp-359-300x300.jpg 300w, https:\/\/ttt.gm360.com.br\/wp-content\/uploads\/2025\/10\/arrp-359-150x150.jpg 150w, https:\/\/ttt.gm360.com.br\/wp-content\/uploads\/2025\/10\/arrp-359-768x768.jpg 768w, https:\/\/ttt.gm360.com.br\/wp-content\/uploads\/2025\/10\/arrp-359.jpg 1100w\" sizes=\"(max-width: 1024px) 100vw, 1024px\" \/><figcaption class=\"wp-element-caption\"><strong>NR 0359-A&nbsp;<\/strong><br>Artista \/ <em>artist<\/em>:<strong> CAROLINA MIKOSZEWSKI<\/strong><br>T\u00edtulo \/ <em>title<\/em>: On a Edo Day \u2013 Homenagem a Agnes Martin<br>T\u00e9cnica \/ <em>technique<\/em>: aquarela sobre papel<br>Dimens\u00f5es \/ <em>dimensions:<\/em> 5 x 5 cm<br>Ano \/ <em>year:<\/em> 2023<br>Pa\u00eds \/ <em>country:<\/em>&nbsp;&nbsp; BRASIL<\/figcaption><\/figure>\n\n\n\n<figure class=\"wp-block-image size-large\"><img decoding=\"async\" loading=\"lazy\" width=\"1024\" height=\"1024\" data-id=\"2917\"  src=\"https:\/\/ttt.gm360.com.br\/wp-content\/uploads\/2025\/10\/arrp-362-1024x1024.jpg\" alt=\"\" class=\"wp-image-2917\" srcset=\"https:\/\/ttt.gm360.com.br\/wp-content\/uploads\/2025\/10\/arrp-362-1024x1024.jpg 1024w, https:\/\/ttt.gm360.com.br\/wp-content\/uploads\/2025\/10\/arrp-362-300x300.jpg 300w, https:\/\/ttt.gm360.com.br\/wp-content\/uploads\/2025\/10\/arrp-362-150x150.jpg 150w, https:\/\/ttt.gm360.com.br\/wp-content\/uploads\/2025\/10\/arrp-362-768x768.jpg 768w, https:\/\/ttt.gm360.com.br\/wp-content\/uploads\/2025\/10\/arrp-362.jpg 1100w\" sizes=\"(max-width: 1024px) 100vw, 1024px\" \/><figcaption class=\"wp-element-caption\"><strong>NR 362-A&nbsp;<\/strong><br>Artista \/ <em>artist<\/em>:<strong> RAFAEL MARQUES<\/strong><br>T\u00edtulo \/ <em>title<\/em>:<br>T\u00e9cnica \/ <em>technique<\/em>:<br>Dimens\u00f5es \/ <em>dimensions:<\/em> 5 x 5 x 5 cm<br>Ano \/ <em>year:<\/em> 2023<br>Pa\u00eds \/ <em>country:<\/em> BRASIL<\/figcaption><\/figure>\n\n\n\n<figure class=\"wp-block-image size-large\"><img decoding=\"async\" loading=\"lazy\" width=\"1024\" height=\"1024\" data-id=\"2916\"  src=\"https:\/\/ttt.gm360.com.br\/wp-content\/uploads\/2025\/10\/arrp-366-1024x1024.jpg\" alt=\"\" class=\"wp-image-2916\" srcset=\"https:\/\/ttt.gm360.com.br\/wp-content\/uploads\/2025\/10\/arrp-366-1024x1024.jpg 1024w, https:\/\/ttt.gm360.com.br\/wp-content\/uploads\/2025\/10\/arrp-366-300x300.jpg 300w, https:\/\/ttt.gm360.com.br\/wp-content\/uploads\/2025\/10\/arrp-366-150x150.jpg 150w, https:\/\/ttt.gm360.com.br\/wp-content\/uploads\/2025\/10\/arrp-366-768x768.jpg 768w, https:\/\/ttt.gm360.com.br\/wp-content\/uploads\/2025\/10\/arrp-366.jpg 1100w\" sizes=\"(max-width: 1024px) 100vw, 1024px\" \/><figcaption class=\"wp-element-caption\"><strong>NR 366-A&nbsp;<\/strong><br>Artista \/ <em>artist<\/em>:<strong> MATT\u00dcS<\/strong><br>T\u00edtulo \/ <em>title<\/em>:Dope Mask<br>T\u00e9cnica \/ <em>technique<\/em>: l\u00e1pis de cera Derwent e marcador art\u00edstico<br>Dimens\u00f5es \/ <em>dimensions:<\/em> 5 x 5 x 5 cm<br>Ano \/ <em>year:<\/em> 2023<br>Pa\u00eds \/ <em>country:<\/em> BRASIL<\/figcaption><\/figure>\n<\/figure>\n","protected":false},"excerpt":{"rendered":"","protected":false},"author":1,"featured_media":0,"comment_status":"open","ping_status":"open","sticky":false,"template":"elementor_canvas","format":"standard","meta":[],"categories":[1],"tags":[],"_links":{"self":[{"href":"https:\/\/ttt.gm360.com.br\/index.php\/wp-json\/wp\/v2\/posts\/2605"}],"collection":[{"href":"https:\/\/ttt.gm360.com.br\/index.php\/wp-json\/wp\/v2\/posts"}],"about":[{"href":"https:\/\/ttt.gm360.com.br\/index.php\/wp-json\/wp\/v2\/types\/post"}],"author":[{"embeddable":true,"href":"https:\/\/ttt.gm360.com.br\/index.php\/wp-json\/wp\/v2\/users\/1"}],"replies":[{"embeddable":true,"href":"https:\/\/ttt.gm360.com.br\/index.php\/wp-json\/wp\/v2\/comments?post=2605"}],"version-history":[{"count":5,"href":"https:\/\/ttt.gm360.com.br\/index.php\/wp-json\/wp\/v2\/posts\/2605\/revisions"}],"predecessor-version":[{"id":3111,"href":"https:\/\/ttt.gm360.com.br\/index.php\/wp-json\/wp\/v2\/posts\/2605\/revisions\/3111"}],"wp:attachment":[{"href":"https:\/\/ttt.gm360.com.br\/index.php\/wp-json\/wp\/v2\/media?parent=2605"}],"wp:term":[{"taxonomy":"category","embeddable":true,"href":"https:\/\/ttt.gm360.com.br\/index.php\/wp-json\/wp\/v2\/categories?post=2605"},{"taxonomy":"post_tag","embeddable":true,"href":"https:\/\/ttt.gm360.com.br\/index.php\/wp-json\/wp\/v2\/tags?post=2605"}],"curies":[{"name":"wp","href":"https:\/\/api.w.org\/{rel}","templated":true}]}}